{"id":7809,"date":"2026-04-28T11:14:42","date_gmt":"2026-04-28T10:14:42","guid":{"rendered":"https:\/\/nikolaus-kopernikus-gymnasium.de\/nkgweb\/?p=7809"},"modified":"2026-04-28T11:14:42","modified_gmt":"2026-04-28T10:14:42","slug":"herzliche-einladung","status":"publish","type":"post","link":"https:\/\/nikolaus-kopernikus-gymnasium.de\/nkgweb\/index.php\/2026\/04\/28\/herzliche-einladung\/","title":{"rendered":"Herzliche Einladung!"},"content":{"rendered":"\n<p>Herzliche Einladung zu den Konzerten des Begabungsst\u00fctzpunktes Kammermusik!<\/p>\n\n\n\n<figure class=\"wp-block-gallery has-nested-images columns-default is-cropped wp-block-gallery-1 is-layout-flex wp-block-gallery-is-layout-flex\">\n<figure class=\"wp-block-image size-large\"><img fetchpriority=\"high\" decoding=\"async\" width=\"724\" height=\"1024\" data-id=\"7810\" src=\"https:\/\/nikolaus-kopernikus-gymnasium.de\/nkgweb\/wp-content\/uploads\/A3-724x1024.png\" alt=\"\" class=\"wp-image-7810\" srcset=\"https:\/\/nikolaus-kopernikus-gymnasium.de\/nkgweb\/wp-content\/uploads\/A3-724x1024.png 724w, https:\/\/nikolaus-kopernikus-gymnasium.de\/nkgweb\/wp-content\/uploads\/A3-212x300.png 212w, https:\/\/nikolaus-kopernikus-gymnasium.de\/nkgweb\/wp-content\/uploads\/A3.png 1414w\" sizes=\"(max-width: 724px) 100vw, 724px\" \/><\/figure>\n<\/figure>\n\n\n\n<p>Unsere talentierten jungen Musikerinnen und Musiker haben im Laufe des Schuljahres gemeinsam mit Dozentinnen und Dozenten des Philharmonischen Orchesters der Stadt Ulm anspruchsvolle Kammermusikwerke erarbeitet. Mit viel Engagement, musikalischem Feingef\u00fchl und gro\u00dfer Spielfreude pr\u00e4sentieren sie nun die Ergebnisse ihrer intensiven Probenarbeit.<\/p>\n\n\n\n<p>Freuen Sie sich auf ein abwechslungsreiches Programm, beeindruckendes K\u00f6nnen und besondere musikalische Momente.<\/p>\n\n\n\n<p>\u00d6ffentlich zu h\u00f6ren sind die Ensembles am <strong>11.05.2026 ab 11 Uhr beim Abschlusskonzert in der Aula des NKG <\/strong>und am<strong> 13.05.2026 &nbsp;ab 18 Uhr im Ratssaal des Wei\u00dfenhorner Rathauses<\/strong> im Rahmen der <strong>Wei\u00dfenhorner Kulturnacht<\/strong>.<\/p>\n\n\n\n<p><a href=\"https:\/\/www.weissenhorn.de\/tourismus-und-freizeit\/was-ist-los-in-weissenhorn\/programm-kulturnacht\">https:\/\/www.weissenhorn.de\/tourismus-und-freizeit\/was-ist-los-in-weissenhorn\/programm-kulturnacht<\/a><\/p>\n\n\n\n<p>Wir laden Sie herzlich ein und freuen uns auf Ihren Besuch!<\/p>\n","protected":false},"excerpt":{"rendered":"<p>Herzliche Einladung zu den Konzerten des Begabungsst\u00fctzpunktes Kammermusik! Unsere talentierten jungen Musikerinnen und Musiker haben im Laufe des Schuljahres gemeinsam mit Dozentinnen und Dozenten des Philharmonischen Orchesters der Stadt Ulm anspruchsvolle Kammermusikwerke erarbeitet. Mit viel Engagement, musikalischem Feingef\u00fchl und gro\u00dfer Spielfreude pr\u00e4sentieren sie nun die Ergebnisse ihrer intensiven Probenarbeit. Freuen Sie sich auf ein abwechslungsreiches &hellip; <\/p>\n<p class=\"link-more\"><a href=\"https:\/\/nikolaus-kopernikus-gymnasium.de\/nkgweb\/index.php\/2026\/04\/28\/herzliche-einladung\/\" class=\"more-link\">Mehr <span class=\"screen-reader-text\">\u00fcber &#8222;Herzliche Einladung!&#8220; <\/span>Lesen<\/a><\/p>\n","protected":false},"author":3,"featured_media":7811,"comment_status":"closed","ping_status":"closed","sticky":false,"template":"","format":"standard","meta":{"footnotes":""},"categories":[1],"tags":[],"class_list":["post-7809","post","type-post","status-publish","format-standard","has-post-thumbnail","hentry","category-allgemein"],"_links":{"self":[{"href":"https:\/\/nikolaus-kopernikus-gymnasium.de\/nkgweb\/index.php\/wp-json\/wp\/v2\/posts\/7809","targetHints":{"allow":["GET"]}}],"collection":[{"href":"https:\/\/nikolaus-kopernikus-gymnasium.de\/nkgweb\/index.php\/wp-json\/wp\/v2\/posts"}],"about":[{"href":"https:\/\/nikolaus-kopernikus-gymnasium.de\/nkgweb\/index.php\/wp-json\/wp\/v2\/types\/post"}],"author":[{"embeddable":true,"href":"https:\/\/nikolaus-kopernikus-gymnasium.de\/nkgweb\/index.php\/wp-json\/wp\/v2\/users\/3"}],"replies":[{"embeddable":true,"href":"https:\/\/nikolaus-kopernikus-gymnasium.de\/nkgweb\/index.php\/wp-json\/wp\/v2\/comments?post=7809"}],"version-history":[{"count":1,"href":"https:\/\/nikolaus-kopernikus-gymnasium.de\/nkgweb\/index.php\/wp-json\/wp\/v2\/posts\/7809\/revisions"}],"predecessor-version":[{"id":7812,"href":"https:\/\/nikolaus-kopernikus-gymnasium.de\/nkgweb\/index.php\/wp-json\/wp\/v2\/posts\/7809\/revisions\/7812"}],"wp:featuredmedia":[{"embeddable":true,"href":"https:\/\/nikolaus-kopernikus-gymnasium.de\/nkgweb\/index.php\/wp-json\/wp\/v2\/media\/7811"}],"wp:attachment":[{"href":"https:\/\/nikolaus-kopernikus-gymnasium.de\/nkgweb\/index.php\/wp-json\/wp\/v2\/media?parent=7809"}],"wp:term":[{"taxonomy":"category","embeddable":true,"href":"https:\/\/nikolaus-kopernikus-gymnasium.de\/nkgweb\/index.php\/wp-json\/wp\/v2\/categories?post=7809"},{"taxonomy":"post_tag","embeddable":true,"href":"https:\/\/nikolaus-kopernikus-gymnasium.de\/nkgweb\/index.php\/wp-json\/wp\/v2\/tags?post=7809"}],"curies":[{"name":"wp","href":"https:\/\/api.w.org\/{rel}","templated":true}]}}