{"id":7577,"date":"2026-03-12T08:51:16","date_gmt":"2026-03-12T07:51:16","guid":{"rendered":"https:\/\/nikolaus-kopernikus-gymnasium.de\/nkgweb\/?p=7577"},"modified":"2026-03-12T08:51:16","modified_gmt":"2026-03-12T07:51:16","slug":"ein-besonderer-konzertvormittag-in-der-isarphilharmonie-klasse-klassik-2026","status":"publish","type":"post","link":"https:\/\/nikolaus-kopernikus-gymnasium.de\/nkgweb\/index.php\/2026\/03\/12\/ein-besonderer-konzertvormittag-in-der-isarphilharmonie-klasse-klassik-2026\/","title":{"rendered":"Ein besonderer Konzertvormittag in der Isarphilharmonie &#8211; Klasse Klassik 2026"},"content":{"rendered":"\n<figure class=\"wp-block-image size-large\"><img fetchpriority=\"high\" decoding=\"async\" width=\"1024\" height=\"683\" src=\"https:\/\/nikolaus-kopernikus-gymnasium.de\/nkgweb\/wp-content\/uploads\/9768602_Klasse_Klassik_2026_c_BR_Markus-Konvalin-1024x683.jpg\" alt=\"\" class=\"wp-image-7578\" srcset=\"https:\/\/nikolaus-kopernikus-gymnasium.de\/nkgweb\/wp-content\/uploads\/9768602_Klasse_Klassik_2026_c_BR_Markus-Konvalin-1024x683.jpg 1024w, https:\/\/nikolaus-kopernikus-gymnasium.de\/nkgweb\/wp-content\/uploads\/9768602_Klasse_Klassik_2026_c_BR_Markus-Konvalin-300x200.jpg 300w\" sizes=\"(max-width: 1024px) 100vw, 1024px\" \/><figcaption class=\"wp-element-caption\">Foto: Bayerischer Rundfunk \/ Markus Konvalin<\/figcaption><\/figure>\n\n\n\n<p>Ein ganz besonderer musikalischer H\u00f6hepunkt f\u00fcr unsere Sch\u00fclerinnen und Sch\u00fcler des Sinfonieorchesters war der Konzertvormittag im Rahmen des Projekts <em>Klasse Klassik<\/em> in der Isarphilharmonie im Gasteig HP8. Vor einer beeindruckenden Konzertkulisse durften unsere jungen Musikerinnen und Musiker als eins von insgesamt vier Schulorchestern aus ganz Bayern gemeinsam mit den Profimusikerinnen und -musikern des M\u00fcnchner Rundfunkorchesters auf der gro\u00dfen B\u00fchne musizieren \u2013 ein Erlebnis, das allen Beteiligten noch lange in Erinnerung bleiben wird.<\/p>\n\n\n\n<figure class=\"wp-block-gallery has-nested-images columns-default is-cropped wp-block-gallery-1 is-layout-flex wp-block-gallery-is-layout-flex\">\n<figure class=\"wp-block-image size-large\"><img decoding=\"async\" width=\"1024\" height=\"683\" data-id=\"7581\" src=\"https:\/\/nikolaus-kopernikus-gymnasium.de\/nkgweb\/wp-content\/uploads\/9768559_Klasse_Klassik_2026_c_BR_Markus-Konvalin-1024x683.jpg\" alt=\"\" class=\"wp-image-7581\" srcset=\"https:\/\/nikolaus-kopernikus-gymnasium.de\/nkgweb\/wp-content\/uploads\/9768559_Klasse_Klassik_2026_c_BR_Markus-Konvalin-1024x683.jpg 1024w, https:\/\/nikolaus-kopernikus-gymnasium.de\/nkgweb\/wp-content\/uploads\/9768559_Klasse_Klassik_2026_c_BR_Markus-Konvalin-300x200.jpg 300w, https:\/\/nikolaus-kopernikus-gymnasium.de\/nkgweb\/wp-content\/uploads\/9768559_Klasse_Klassik_2026_c_BR_Markus-Konvalin-2000x1333.jpg 2000w\" sizes=\"(max-width: 1024px) 100vw, 1024px\" \/><figcaption class=\"wp-element-caption\">Foto: Bayerischer Rundfunk \/ Markus Konvalin<\/figcaption><\/figure>\n\n\n\n<figure class=\"wp-block-image size-large\"><img decoding=\"async\" width=\"1024\" height=\"683\" data-id=\"7584\" src=\"https:\/\/nikolaus-kopernikus-gymnasium.de\/nkgweb\/wp-content\/uploads\/9768600_Klasse_Klassik_2026_c_BR_Markus-Konvalin-1024x683.jpg\" alt=\"\" class=\"wp-image-7584\" srcset=\"https:\/\/nikolaus-kopernikus-gymnasium.de\/nkgweb\/wp-content\/uploads\/9768600_Klasse_Klassik_2026_c_BR_Markus-Konvalin-1024x683.jpg 1024w, https:\/\/nikolaus-kopernikus-gymnasium.de\/nkgweb\/wp-content\/uploads\/9768600_Klasse_Klassik_2026_c_BR_Markus-Konvalin-300x200.jpg 300w\" sizes=\"(max-width: 1024px) 100vw, 1024px\" \/><figcaption class=\"wp-element-caption\">Foto: Bayerischer Rundfunk \/ Markus Konvalin<\/figcaption><\/figure>\n\n\n\n<figure class=\"wp-block-image size-large\"><img loading=\"lazy\" decoding=\"async\" width=\"1024\" height=\"683\" data-id=\"7582\" src=\"https:\/\/nikolaus-kopernikus-gymnasium.de\/nkgweb\/wp-content\/uploads\/9768616_Klasse_Klassik_2026_c_BR_Markus-Konvalin-1024x683.jpg\" alt=\"\" class=\"wp-image-7582\" srcset=\"https:\/\/nikolaus-kopernikus-gymnasium.de\/nkgweb\/wp-content\/uploads\/9768616_Klasse_Klassik_2026_c_BR_Markus-Konvalin-1024x683.jpg 1024w, https:\/\/nikolaus-kopernikus-gymnasium.de\/nkgweb\/wp-content\/uploads\/9768616_Klasse_Klassik_2026_c_BR_Markus-Konvalin-300x200.jpg 300w, https:\/\/nikolaus-kopernikus-gymnasium.de\/nkgweb\/wp-content\/uploads\/9768616_Klasse_Klassik_2026_c_BR_Markus-Konvalin-2000x1333.jpg 2000w\" sizes=\"(max-width: 1024px) 100vw, 1024px\" \/><figcaption class=\"wp-element-caption\">Foto: Bayerischer Rundfunk \/ Markus Konvalin<\/figcaption><\/figure>\n\n\n\n<figure class=\"wp-block-image size-large\"><img loading=\"lazy\" decoding=\"async\" width=\"1024\" height=\"683\" data-id=\"7583\" src=\"https:\/\/nikolaus-kopernikus-gymnasium.de\/nkgweb\/wp-content\/uploads\/9768617_Klasse_Klassik_2026_c_BR_Markus-Konvalin-1024x683.jpg\" alt=\"\" class=\"wp-image-7583\" srcset=\"https:\/\/nikolaus-kopernikus-gymnasium.de\/nkgweb\/wp-content\/uploads\/9768617_Klasse_Klassik_2026_c_BR_Markus-Konvalin-1024x683.jpg 1024w, https:\/\/nikolaus-kopernikus-gymnasium.de\/nkgweb\/wp-content\/uploads\/9768617_Klasse_Klassik_2026_c_BR_Markus-Konvalin-300x200.jpg 300w, https:\/\/nikolaus-kopernikus-gymnasium.de\/nkgweb\/wp-content\/uploads\/9768617_Klasse_Klassik_2026_c_BR_Markus-Konvalin-2000x1333.jpg 2000w\" sizes=\"(max-width: 1024px) 100vw, 1024px\" \/><figcaption class=\"wp-element-caption\">Foto: Bayerischer Rundfunk \/ Markus Konvalin<\/figcaption><\/figure>\n<\/figure>\n\n\n\n<p>Nach intensiven Probenphasen und zahlreichen musikalischen Begegnungen pr\u00e4sentierte unser Schulorchester einen abwechslungsreichen Konzertteil mit Werken aus verschiedenen L\u00e4ndern. Den Auftakt bildete der schwungvolle Walzer \u201eDie Schlittschuhl\u00e4ufer\u201c von \u00c9mile Waldteufel, dessen elegante Melodien und t\u00e4nzerische Leichtigkeit sofort eine festliche Atmosph\u00e4re entstehen lie\u00dfen. Anschlie\u00dfend erklangen das \u201ePr\u00e9lude\u201c und die \u201eMazurka\u201c aus dem Ballett Copp\u00e9lia von L\u00e9o Delibes, die mit ihren farbenreichen Orchesterkl\u00e4ngen und lebendigen Rhythmen das Publikum in die Welt des klassischen Balletts entf\u00fchrten. Ein besonderer H\u00f6hepunkt unseres Programms waren die \u201eFour Dance Episodes\u201c aus dem Ballett <em>Rodeo<\/em> von Aaron Copland. Mit ihren energiegeladenen Rhythmen und dem unverwechselbaren amerikanischen Klang stellten sie gro\u00dfe musikalische Anforderungen an das Ensemble, die unsere Sch\u00fclerinnen und Sch\u00fcler mit beeindruckender Konzentration und Spielfreude meisterten. Den Abschluss unseres Konzertteils bildete schlie\u00dflich der ber\u00fchmte Tango Libertango von Astor Piazzolla, der mit seiner leidenschaftlichen Energie und seinem markanten Rhythmus einen mitrei\u00dfenden Schlusspunkt setzte.<\/p>\n\n\n\n<figure class=\"wp-block-image size-large\"><img loading=\"lazy\" decoding=\"async\" width=\"1024\" height=\"683\" src=\"https:\/\/nikolaus-kopernikus-gymnasium.de\/nkgweb\/wp-content\/uploads\/9768604_Klasse_Klassik_2026_c_BR_Markus-Konvalin-1024x683.jpg\" alt=\"\" class=\"wp-image-7585\" srcset=\"https:\/\/nikolaus-kopernikus-gymnasium.de\/nkgweb\/wp-content\/uploads\/9768604_Klasse_Klassik_2026_c_BR_Markus-Konvalin-1024x683.jpg 1024w, https:\/\/nikolaus-kopernikus-gymnasium.de\/nkgweb\/wp-content\/uploads\/9768604_Klasse_Klassik_2026_c_BR_Markus-Konvalin-300x200.jpg 300w\" sizes=\"(max-width: 1024px) 100vw, 1024px\" \/><figcaption class=\"wp-element-caption\">Foto: Bayerischer Rundfunk \/ Markus Konvalin<\/figcaption><\/figure>\n\n\n\n<p>F\u00fcr unsere Sch\u00fclerinnen und Sch\u00fcler war es ein unvergessliches Erlebnis, in einem solch fantastischen Konzertsaal gemeinsam mit professionellen Orchestermusikerinnen und -musikern ein Konzert zu spielen. Die besondere Atmosph\u00e4re des Konzertsaals, das intensive Zusammenspiel mit den Profis und der begeisterte Applaus des Publikums machten diesen Konzertvormittag zu einem unvergesslichen musikalischen Moment.<\/p>\n\n\n\n<p>Weitere Bildeindr\u00fccke gibt es unter: <a href=\"https:\/\/www.rundfunkorchester.de\/konzerte\/klasse-klassik-2\/\" target=\"_blank\" rel=\"noreferrer noopener\">https:\/\/www.rundfunkorchester.de\/konzerte\/klasse-klassik-2\/<\/a><\/p>\n\n\n\n<p>Wer den Konzertvormittag noch einmal erleben m\u00f6chte oder ihn verpasst hat, kann den Mitschnitt am 14. M\u00e4rz um 15:05 Uhr im Radio bei BR Klassik h\u00f6ren. Anschlie\u00dfend ist dieser auch in der Mediathek verf\u00fcgbar: <a href=\"https:\/\/www.rundfunkorchester.de\/medien-info\/audio-video\/\">https:\/\/www.rundfunkorchester.de\/medien-info\/audio-video\/<\/a><\/p>\n\n\n\n<p>Wir sind sehr stolz auf die gro\u00dfartige Leistung unserer Sch\u00fclerinnen und Sch\u00fcler und freuen uns, Teil dieses besonderen Projekts gewesen zu sein!<\/p>\n\n\n\n<p>Einige Probeneindr\u00fccke:<\/p>\n\n\n\n<figure class=\"wp-block-gallery has-nested-images columns-default is-cropped wp-block-gallery-2 is-layout-flex wp-block-gallery-is-layout-flex\">\n<figure class=\"wp-block-image size-large\"><img loading=\"lazy\" decoding=\"async\" width=\"1024\" height=\"575\" data-id=\"7587\" src=\"https:\/\/nikolaus-kopernikus-gymnasium.de\/nkgweb\/wp-content\/uploads\/IMG_8522-1024x575.jpg\" alt=\"\" class=\"wp-image-7587\" srcset=\"https:\/\/nikolaus-kopernikus-gymnasium.de\/nkgweb\/wp-content\/uploads\/IMG_8522-1024x575.jpg 1024w, https:\/\/nikolaus-kopernikus-gymnasium.de\/nkgweb\/wp-content\/uploads\/IMG_8522-300x168.jpg 300w, https:\/\/nikolaus-kopernikus-gymnasium.de\/nkgweb\/wp-content\/uploads\/IMG_8522-2000x1123.jpg 2000w\" sizes=\"(max-width: 1024px) 100vw, 1024px\" \/><\/figure>\n\n\n\n<figure class=\"wp-block-image size-large\"><img loading=\"lazy\" decoding=\"async\" width=\"1024\" height=\"575\" data-id=\"7590\" src=\"https:\/\/nikolaus-kopernikus-gymnasium.de\/nkgweb\/wp-content\/uploads\/IMG_8536-1024x575.jpg\" alt=\"\" class=\"wp-image-7590\" srcset=\"https:\/\/nikolaus-kopernikus-gymnasium.de\/nkgweb\/wp-content\/uploads\/IMG_8536-1024x575.jpg 1024w, https:\/\/nikolaus-kopernikus-gymnasium.de\/nkgweb\/wp-content\/uploads\/IMG_8536-300x168.jpg 300w, https:\/\/nikolaus-kopernikus-gymnasium.de\/nkgweb\/wp-content\/uploads\/IMG_8536-2000x1123.jpg 2000w\" sizes=\"(max-width: 1024px) 100vw, 1024px\" \/><\/figure>\n\n\n\n<figure class=\"wp-block-image size-large\"><img loading=\"lazy\" decoding=\"async\" width=\"1024\" height=\"575\" data-id=\"7591\" src=\"https:\/\/nikolaus-kopernikus-gymnasium.de\/nkgweb\/wp-content\/uploads\/IMG_8540-1024x575.jpg\" alt=\"\" class=\"wp-image-7591\" srcset=\"https:\/\/nikolaus-kopernikus-gymnasium.de\/nkgweb\/wp-content\/uploads\/IMG_8540-1024x575.jpg 1024w, https:\/\/nikolaus-kopernikus-gymnasium.de\/nkgweb\/wp-content\/uploads\/IMG_8540-300x168.jpg 300w, https:\/\/nikolaus-kopernikus-gymnasium.de\/nkgweb\/wp-content\/uploads\/IMG_8540-2000x1123.jpg 2000w\" sizes=\"(max-width: 1024px) 100vw, 1024px\" \/><\/figure>\n\n\n\n<figure class=\"wp-block-image size-large\"><img loading=\"lazy\" decoding=\"async\" width=\"1024\" height=\"575\" data-id=\"7586\" src=\"https:\/\/nikolaus-kopernikus-gymnasium.de\/nkgweb\/wp-content\/uploads\/IMG_8555-1024x575.jpg\" alt=\"\" class=\"wp-image-7586\" srcset=\"https:\/\/nikolaus-kopernikus-gymnasium.de\/nkgweb\/wp-content\/uploads\/IMG_8555-1024x575.jpg 1024w, https:\/\/nikolaus-kopernikus-gymnasium.de\/nkgweb\/wp-content\/uploads\/IMG_8555-300x168.jpg 300w, https:\/\/nikolaus-kopernikus-gymnasium.de\/nkgweb\/wp-content\/uploads\/IMG_8555-2000x1123.jpg 2000w\" sizes=\"(max-width: 1024px) 100vw, 1024px\" \/><\/figure>\n\n\n\n<figure class=\"wp-block-image size-large\"><img loading=\"lazy\" decoding=\"async\" width=\"1024\" height=\"575\" data-id=\"7593\" src=\"https:\/\/nikolaus-kopernikus-gymnasium.de\/nkgweb\/wp-content\/uploads\/IMG_8556-1024x575.jpg\" alt=\"\" class=\"wp-image-7593\" srcset=\"https:\/\/nikolaus-kopernikus-gymnasium.de\/nkgweb\/wp-content\/uploads\/IMG_8556-1024x575.jpg 1024w, https:\/\/nikolaus-kopernikus-gymnasium.de\/nkgweb\/wp-content\/uploads\/IMG_8556-300x168.jpg 300w, https:\/\/nikolaus-kopernikus-gymnasium.de\/nkgweb\/wp-content\/uploads\/IMG_8556-2000x1123.jpg 2000w\" sizes=\"(max-width: 1024px) 100vw, 1024px\" \/><\/figure>\n\n\n\n<figure class=\"wp-block-image size-large\"><img loading=\"lazy\" decoding=\"async\" width=\"1024\" height=\"575\" data-id=\"7589\" src=\"https:\/\/nikolaus-kopernikus-gymnasium.de\/nkgweb\/wp-content\/uploads\/IMG_8592-1024x575.jpg\" alt=\"\" class=\"wp-image-7589\" srcset=\"https:\/\/nikolaus-kopernikus-gymnasium.de\/nkgweb\/wp-content\/uploads\/IMG_8592-1024x575.jpg 1024w, https:\/\/nikolaus-kopernikus-gymnasium.de\/nkgweb\/wp-content\/uploads\/IMG_8592-300x168.jpg 300w, https:\/\/nikolaus-kopernikus-gymnasium.de\/nkgweb\/wp-content\/uploads\/IMG_8592-2000x1123.jpg 2000w\" sizes=\"(max-width: 1024px) 100vw, 1024px\" \/><\/figure>\n\n\n\n<figure class=\"wp-block-image size-large\"><img loading=\"lazy\" decoding=\"async\" width=\"1024\" height=\"575\" data-id=\"7588\" src=\"https:\/\/nikolaus-kopernikus-gymnasium.de\/nkgweb\/wp-content\/uploads\/IMG_8604-1024x575.jpg\" alt=\"\" class=\"wp-image-7588\" srcset=\"https:\/\/nikolaus-kopernikus-gymnasium.de\/nkgweb\/wp-content\/uploads\/IMG_8604-1024x575.jpg 1024w, https:\/\/nikolaus-kopernikus-gymnasium.de\/nkgweb\/wp-content\/uploads\/IMG_8604-300x168.jpg 300w, https:\/\/nikolaus-kopernikus-gymnasium.de\/nkgweb\/wp-content\/uploads\/IMG_8604-2000x1123.jpg 2000w\" sizes=\"(max-width: 1024px) 100vw, 1024px\" \/><\/figure>\n\n\n\n<figure class=\"wp-block-image size-large\"><img loading=\"lazy\" decoding=\"async\" width=\"1024\" height=\"575\" data-id=\"7592\" src=\"https:\/\/nikolaus-kopernikus-gymnasium.de\/nkgweb\/wp-content\/uploads\/IMG_8608-1024x575.jpg\" alt=\"\" class=\"wp-image-7592\" srcset=\"https:\/\/nikolaus-kopernikus-gymnasium.de\/nkgweb\/wp-content\/uploads\/IMG_8608-1024x575.jpg 1024w, https:\/\/nikolaus-kopernikus-gymnasium.de\/nkgweb\/wp-content\/uploads\/IMG_8608-300x168.jpg 300w, https:\/\/nikolaus-kopernikus-gymnasium.de\/nkgweb\/wp-content\/uploads\/IMG_8608-2000x1123.jpg 2000w\" sizes=\"(max-width: 1024px) 100vw, 1024px\" \/><\/figure>\n<\/figure>\n","protected":false},"excerpt":{"rendered":"<p>Ein ganz besonderer musikalischer H\u00f6hepunkt f\u00fcr unsere Sch\u00fclerinnen und Sch\u00fcler des Sinfonieorchesters war der Konzertvormittag im Rahmen des Projekts Klasse Klassik in der Isarphilharmonie im Gasteig HP8. Vor einer beeindruckenden Konzertkulisse durften unsere jungen Musikerinnen und Musiker als eins von insgesamt vier Schulorchestern aus ganz Bayern gemeinsam mit den Profimusikerinnen und -musikern des M\u00fcnchner Rundfunkorchesters &hellip; <\/p>\n<p class=\"link-more\"><a href=\"https:\/\/nikolaus-kopernikus-gymnasium.de\/nkgweb\/index.php\/2026\/03\/12\/ein-besonderer-konzertvormittag-in-der-isarphilharmonie-klasse-klassik-2026\/\" class=\"more-link\">Mehr <span class=\"screen-reader-text\">\u00fcber &#8222;Ein besonderer Konzertvormittag in der Isarphilharmonie &#8211; Klasse Klassik 2026&#8220; <\/span>Lesen<\/a><\/p>\n","protected":false},"author":3,"featured_media":7602,"comment_status":"closed","ping_status":"closed","sticky":false,"template":"","format":"standard","meta":{"footnotes":""},"categories":[1],"tags":[],"class_list":["post-7577","post","type-post","status-publish","format-standard","has-post-thumbnail","hentry","category-allgemein"],"_links":{"self":[{"href":"https:\/\/nikolaus-kopernikus-gymnasium.de\/nkgweb\/index.php\/wp-json\/wp\/v2\/posts\/7577","targetHints":{"allow":["GET"]}}],"collection":[{"href":"https:\/\/nikolaus-kopernikus-gymnasium.de\/nkgweb\/index.php\/wp-json\/wp\/v2\/posts"}],"about":[{"href":"https:\/\/nikolaus-kopernikus-gymnasium.de\/nkgweb\/index.php\/wp-json\/wp\/v2\/types\/post"}],"author":[{"embeddable":true,"href":"https:\/\/nikolaus-kopernikus-gymnasium.de\/nkgweb\/index.php\/wp-json\/wp\/v2\/users\/3"}],"replies":[{"embeddable":true,"href":"https:\/\/nikolaus-kopernikus-gymnasium.de\/nkgweb\/index.php\/wp-json\/wp\/v2\/comments?post=7577"}],"version-history":[{"count":4,"href":"https:\/\/nikolaus-kopernikus-gymnasium.de\/nkgweb\/index.php\/wp-json\/wp\/v2\/posts\/7577\/revisions"}],"predecessor-version":[{"id":7603,"href":"https:\/\/nikolaus-kopernikus-gymnasium.de\/nkgweb\/index.php\/wp-json\/wp\/v2\/posts\/7577\/revisions\/7603"}],"wp:featuredmedia":[{"embeddable":true,"href":"https:\/\/nikolaus-kopernikus-gymnasium.de\/nkgweb\/index.php\/wp-json\/wp\/v2\/media\/7602"}],"wp:attachment":[{"href":"https:\/\/nikolaus-kopernikus-gymnasium.de\/nkgweb\/index.php\/wp-json\/wp\/v2\/media?parent=7577"}],"wp:term":[{"taxonomy":"category","embeddable":true,"href":"https:\/\/nikolaus-kopernikus-gymnasium.de\/nkgweb\/index.php\/wp-json\/wp\/v2\/categories?post=7577"},{"taxonomy":"post_tag","embeddable":true,"href":"https:\/\/nikolaus-kopernikus-gymnasium.de\/nkgweb\/index.php\/wp-json\/wp\/v2\/tags?post=7577"}],"curies":[{"name":"wp","href":"https:\/\/api.w.org\/{rel}","templated":true}]}}