{"id":6734,"date":"2025-10-09T08:01:35","date_gmt":"2025-10-09T07:01:35","guid":{"rendered":"https:\/\/nikolaus-kopernikus-gymnasium.de\/nkgweb\/?p=6734"},"modified":"2025-10-09T08:14:09","modified_gmt":"2025-10-09T07:14:09","slug":"digitale-schatzsuche-edubreakouts-im-lateinunterricht","status":"publish","type":"post","link":"https:\/\/nikolaus-kopernikus-gymnasium.de\/nkgweb\/index.php\/2025\/10\/09\/digitale-schatzsuche-edubreakouts-im-lateinunterricht\/","title":{"rendered":"Digitale Schatzsuche \u2013 Edubreakouts im Lateinunterricht"},"content":{"rendered":"\t\t<div data-elementor-type=\"wp-post\" data-elementor-id=\"6734\" class=\"elementor elementor-6734\">\n\t\t\t\t\t\t<section class=\"elementor-section elementor-top-section elementor-element elementor-element-34edae3f elementor-section-boxed elementor-section-height-default elementor-section-height-default\" data-id=\"34edae3f\" data-element_type=\"section\" data-e-type=\"section\">\n\t\t\t\t\t\t<div class=\"elementor-container elementor-column-gap-default\">\n\t\t\t\t\t<div class=\"elementor-column elementor-col-100 elementor-top-column elementor-element elementor-element-6c22e178\" data-id=\"6c22e178\" data-element_type=\"column\" data-e-type=\"column\">\n\t\t\t<div class=\"elementor-widget-wrap elementor-element-populated\">\n\t\t\t\t\t\t<div class=\"elementor-element elementor-element-31652fbf elementor-widget elementor-widget-text-editor\" data-id=\"31652fbf\" data-element_type=\"widget\" data-e-type=\"widget\" data-widget_type=\"text-editor.default\">\n\t\t\t\t<div class=\"elementor-widget-container\">\n\t\t\t\t\t\t\t\t\t\n<p>Die Sch\u00fcler der 7bcd konnten im Fach Latein k\u00fcrzlich dem Dichter Horaz helfen, der im Keller seines Landguts in den Sabiner Bergen bei Rom einige Papyrusschnipsel und eine r\u00e4tselhafte Schatzkiste gefunden hatte. Weil sie mit mehreren Schl\u00f6ssern verschlossen und er mit seinem Latein am Ende war, rief er die Sch\u00fclerinnen und Sch\u00fcler zu Hilfe, die ihn begeistert unterst\u00fctzten.<\/p>\n\n<p>Dabei mussten sie in Gruppen verschiedene R\u00e4tsel und Aufgaben l\u00f6sen, um nacheinander die Zahlencodes der Schl\u00f6sser herauszubekommen, mit denen die Schatztruhe verschlossen war. Zum Beispiel mussten verschiedene Schnipsel mit deutschen \u00dcbersetzungen zu den passenden lateinischen Ausdr\u00fccken gelegt werden, wodurch sich mit einiger Kombinationsgabe r\u00f6mische Zahlen ergaben, die das erste Schloss \u00f6ffneten. Im weiteren Verlauf bearbeiteten die Siebtkl\u00e4sslerinnen und Siebtkl\u00e4ssler am Tablet learningapps zu Vokabeln und Grammatik. Eine stolze Gruppe schaffte es in der vorgegebenen Zeit und konnte so Horaz helfen und sich selbst mit dem Schatz belohnen.<\/p>\n\n<div class=\"wp-block-columns is-layout-flex wp-container-core-columns-is-layout-28f84493 wp-block-columns-is-layout-flex\">\n<div class=\"wp-block-column is-layout-flow wp-block-column-is-layout-flow\">\n<figure class=\"wp-block-image size-large\"><img fetchpriority=\"high\" decoding=\"async\" width=\"1024\" height=\"684\" class=\"wp-image-6737\" src=\"https:\/\/nikolaus-kopernikus-gymnasium.de\/nkgweb\/wp-content\/uploads\/IMG_6298-Kopie-2-1-1024x684.jpg\" alt=\"\" srcset=\"https:\/\/nikolaus-kopernikus-gymnasium.de\/nkgweb\/wp-content\/uploads\/IMG_6298-Kopie-2-1-1024x684.jpg 1024w, https:\/\/nikolaus-kopernikus-gymnasium.de\/nkgweb\/wp-content\/uploads\/IMG_6298-Kopie-2-1-300x200.jpg 300w, https:\/\/nikolaus-kopernikus-gymnasium.de\/nkgweb\/wp-content\/uploads\/IMG_6298-Kopie-2-1-2000x1336.jpg 2000w\" sizes=\"(max-width: 1024px) 100vw, 1024px\" \/><\/figure>\n<\/div>\n\n<div class=\"wp-block-column is-layout-flow wp-block-column-is-layout-flow\">\n<figure class=\"wp-block-image size-large\"><img decoding=\"async\" width=\"1024\" height=\"686\" class=\"wp-image-6738\" src=\"https:\/\/nikolaus-kopernikus-gymnasium.de\/nkgweb\/wp-content\/uploads\/IMG_6301-Kopie-1-1024x686.jpg\" alt=\"\" srcset=\"https:\/\/nikolaus-kopernikus-gymnasium.de\/nkgweb\/wp-content\/uploads\/IMG_6301-Kopie-1-1024x686.jpg 1024w, https:\/\/nikolaus-kopernikus-gymnasium.de\/nkgweb\/wp-content\/uploads\/IMG_6301-Kopie-1-300x201.jpg 300w, https:\/\/nikolaus-kopernikus-gymnasium.de\/nkgweb\/wp-content\/uploads\/IMG_6301-Kopie-1-2000x1341.jpg 2000w\" sizes=\"(max-width: 1024px) 100vw, 1024px\" \/><\/figure>\n<\/div>\n<\/div>\n\n<p style=\"line-height: 0.4;\">\u00a0<\/p>\n\t\t\t\t\t\t\t\t<\/div>\n\t\t\t\t<\/div>\n\t\t\t\t\t<\/div>\n\t\t<\/div>\n\t\t\t\t\t<\/div>\n\t\t<\/section>\n\t\t\t\t<section class=\"elementor-section elementor-top-section elementor-element elementor-element-ec8132a elementor-section-boxed elementor-section-height-default elementor-section-height-default\" data-id=\"ec8132a\" data-element_type=\"section\" data-e-type=\"section\" data-settings=\"{&quot;background_background&quot;:&quot;classic&quot;}\">\n\t\t\t\t\t\t\t<div class=\"elementor-background-overlay\"><\/div>\n\t\t\t\t\t\t\t<div class=\"elementor-container elementor-column-gap-default\">\n\t\t\t\t\t<div class=\"elementor-column elementor-col-100 elementor-top-column elementor-element elementor-element-e85f4d1\" data-id=\"e85f4d1\" data-element_type=\"column\" data-e-type=\"column\">\n\t\t\t<div class=\"elementor-widget-wrap elementor-element-populated\">\n\t\t\t\t\t\t<div class=\"elementor-element elementor-element-0436560 elementor-widget elementor-widget-text-editor\" data-id=\"0436560\" data-element_type=\"widget\" data-e-type=\"widget\" data-widget_type=\"text-editor.default\">\n\t\t\t\t<div class=\"elementor-widget-container\">\n\t\t\t\t\t\t\t\t\t<p><strong>Wollen Sie\/ Willst du auch ein solches R\u00e4tsel l\u00f6sen?<\/strong><\/p>\n<p><!-- \/wp:paragraph --><!-- wp:paragraph --><\/p>\n<p>Im Vatikan, dem katholischen Kirchenstaat, ist Latein nach wie vor Amtssprache. Daher werden auch bei der Papstwahl viele lateinische Ausdr\u00fccke und W\u00f6rter benutzt, die Ihnen bzw. euch vielleicht im Mai w\u00e4hrend der Papstwahl begegnet sind. Wenn Sie\/ Wenn du die vier L\u00f6sungsbuchstaben der richtigen \u00dcbersetzungen im <a href=\"https:\/\/nikolaus-kopernikus-gymnasium.de\/nkgweb\/wp-content\/uploads\/QRCode-Latein.pdf\">QR-Code<\/a> schwarz anmalst, kann er eingescannt werden.<\/p>\n<p style=\"line-height: 0.4;\"><strong>Sedisvakanz<\/strong><\/p>\n<p><!-- \/wp:paragraph --><!-- wp:paragraph {\"style\":{\"typography\":{\"lineHeight\":\"0.4\"}}} --><\/p>\n<p style=\"line-height: 0.4;\">A)\u00a0\u00a0\u00a0\u00a0\u00a0\u00a0\u00a0 Es bedeutet <em>luftleerer Raum<\/em>, da die Sixtinische Kapelle keine Fenster hat.<\/p>\n<p><!-- \/wp:paragraph --><!-- wp:paragraph {\"style\":{\"typography\":{\"lineHeight\":\"0.4\"}}} --><\/p>\n<p style=\"line-height: 0.4;\">B)\u00a0\u00a0\u00a0\u00a0\u00a0\u00a0\u00a0 <em>Sedes vacua<\/em> bedeutet <em>leerer Stuhl<\/em> (des Papstes) nach dessen Tod oder Abdankung.<\/p>\n<p><!-- \/wp:paragraph --><!-- wp:paragraph {\"style\":{\"typography\":{\"lineHeight\":\"0.4\"}}} --><\/p>\n<p style=\"line-height: 0.4;\">C)\u00a0\u00a0\u00a0\u00a0\u00a0\u00a0\u00a0 Dieser Begriff ist nicht lateinisch.<\/p>\n<p><!-- \/wp:paragraph --><!-- wp:paragraph {\"style\":{\"typography\":{\"lineHeight\":\"0.4\"}}} --><\/p>\n<p style=\"line-height: 0.4;\">D)\u00a0\u00a0\u00a0\u00a0\u00a0\u00a0\u00a0 Es bedeutet <em>keine St\u00fchle<\/em>, da die Kardin\u00e4le w\u00e4hrend der Wahl nicht sitzen d\u00fcrfen.<\/p>\n<p><!-- \/wp:paragraph --><!-- wp:paragraph {\"style\":{\"typography\":{\"lineHeight\":\"0.4\"}}} --><\/p>\n<p style=\"line-height: 0.4;\"><strong>urbi et orbi (Segen des Papstes)<\/strong><\/p>\n<p><!-- \/wp:paragraph --><!-- wp:paragraph {\"style\":{\"typography\":{\"lineHeight\":\"0.4\"}}} --><\/p>\n<p style=\"line-height: 0.4;\">E)\u00a0\u00a0\u00a0\u00a0\u00a0\u00a0\u00a0\u00a0 F\u00fcr die Stadt Rom und die Welt.<\/p>\n<p><!-- \/wp:paragraph --><!-- wp:paragraph {\"style\":{\"typography\":{\"lineHeight\":\"0.4\"}}} --><\/p>\n<p style=\"line-height: 0.4;\">F)\u00a0\u00a0\u00a0\u00a0\u00a0\u00a0\u00a0\u00a0 F\u00fcr die Stadt Rom und das Land Italien.<\/p>\n<p><!-- \/wp:paragraph --><!-- wp:paragraph {\"style\":{\"typography\":{\"lineHeight\":\"0.4\"}}} --><\/p>\n<p style=\"line-height: 0.4;\">G)\u00a0\u00a0\u00a0\u00a0\u00a0\u00a0\u00a0 F\u00fcr die Welt und die Stadt Rom.<\/p>\n<p><!-- \/wp:paragraph --><!-- wp:paragraph {\"style\":{\"typography\":{\"lineHeight\":\"0.4\"}}} --><\/p>\n<p style=\"line-height: 0.4;\">H)\u00a0\u00a0\u00a0\u00a0\u00a0\u00a0\u00a0 Frohe Ostern!<\/p>\n<p><!-- \/wp:paragraph --><!-- wp:paragraph {\"style\":{\"typography\":{\"lineHeight\":\"0.4\"}}} --><\/p>\n<p style=\"line-height: 0.4;\"><strong>Quo nomine vis vocari? (Frage an den neuen Papst)<\/strong><\/p>\n<p><!-- \/wp:paragraph --><!-- wp:paragraph {\"style\":{\"typography\":{\"lineHeight\":\"0.4\"}}} --><\/p>\n<p style=\"line-height: 0.4;\">I)\u00a0\u00a0\u00a0\u00a0\u00a0\u00a0\u00a0\u00a0\u00a0 Nimmst du die Wahl an?<\/p>\n<p><!-- \/wp:paragraph --><!-- wp:paragraph {\"style\":{\"typography\":{\"lineHeight\":\"0.4\"}}} --><\/p>\n<p style=\"line-height: 0.4;\">J)\u00a0\u00a0\u00a0\u00a0\u00a0\u00a0\u00a0\u00a0 Wie hei\u00dft du?<\/p>\n<p><!-- \/wp:paragraph --><!-- wp:paragraph {\"style\":{\"typography\":{\"lineHeight\":\"0.4\"}}} --><\/p>\n<p style=\"line-height: 0.4;\">K)\u00a0\u00a0\u00a0\u00a0\u00a0\u00a0\u00a0\u00a0 Mit welchem Namen willst du genannt werden?<\/p>\n<p><!-- \/wp:paragraph --><!-- wp:paragraph {\"style\":{\"typography\":{\"lineHeight\":\"0.4\"}}} --><\/p>\n<p style=\"line-height: 0.4;\">L)\u00a0\u00a0\u00a0\u00a0\u00a0\u00a0\u00a0\u00a0 Welchen Namen hatte dein Vorg\u00e4nger?<\/p>\n<p><!-- \/wp:paragraph --><!-- wp:paragraph {\"style\":{\"typography\":{\"lineHeight\":\"0.4\"}}} --><\/p>\n<p style=\"line-height: 0.4;\"><strong>Habemus papam.\u00a0\u00a0<\/strong>\u00a0\u00a0\u00a0\u00a0\u00a0\u00a0\u00a0\u00a0\u00a0\u00a0\u00a0\u00a0\u00a0\u00a0\u00a0<\/p>\n<p><!-- \/wp:paragraph --><!-- wp:paragraph {\"style\":{\"typography\":{\"lineHeight\":\"0.4\"}}} --><\/p>\n<p style=\"line-height: 0.4;\">M)\u00a0\u00a0\u00a0\u00a0\u00a0\u00a0 Wir brauchen einen Papst.<\/p>\n<p><!-- \/wp:paragraph --><!-- wp:paragraph {\"style\":{\"typography\":{\"lineHeight\":\"0.4\"}}} --><\/p>\n<p style=\"line-height: 0.4;\">N)\u00a0\u00a0\u00a0\u00a0\u00a0\u00a0\u00a0 Wir haben einen Papst.<\/p>\n<p><!-- \/wp:paragraph --><!-- wp:paragraph {\"style\":{\"typography\":{\"lineHeight\":\"0.4\"}}} --><\/p>\n<p style=\"line-height: 0.4;\">O)\u00a0\u00a0\u00a0\u00a0\u00a0\u00a0\u00a0 Wir hatten einen Papst.<\/p>\n<p><!-- \/wp:paragraph --><!-- wp:paragraph {\"style\":{\"typography\":{\"lineHeight\":\"0.4\"}}} --><\/p>\n<p style=\"line-height: 0.4;\">P)\u00a0\u00a0\u00a0\u00a0\u00a0\u00a0\u00a0\u00a0 Wir werden einen Papst haben.<\/p>\t\t\t\t\t\t\t\t<\/div>\n\t\t\t\t<\/div>\n\t\t\t\t\t<\/div>\n\t\t<\/div>\n\t\t\t\t\t<\/div>\n\t\t<\/section>\n\t\t\t\t<section class=\"elementor-section elementor-top-section elementor-element elementor-element-1f46cfa elementor-section-boxed elementor-section-height-default elementor-section-height-default\" data-id=\"1f46cfa\" data-element_type=\"section\" data-e-type=\"section\">\n\t\t\t\t\t\t<div class=\"elementor-container elementor-column-gap-default\">\n\t\t\t\t\t<div class=\"elementor-column elementor-col-100 elementor-top-column elementor-element elementor-element-9947f3a\" data-id=\"9947f3a\" data-element_type=\"column\" data-e-type=\"column\">\n\t\t\t<div class=\"elementor-widget-wrap elementor-element-populated\">\n\t\t\t\t\t\t<div class=\"elementor-element elementor-element-71f4283 elementor-widget elementor-widget-spacer\" data-id=\"71f4283\" data-element_type=\"widget\" data-e-type=\"widget\" data-widget_type=\"spacer.default\">\n\t\t\t\t<div class=\"elementor-widget-container\">\n\t\t\t\t\t\t\t<div class=\"elementor-spacer\">\n\t\t\t<div class=\"elementor-spacer-inner\"><\/div>\n\t\t<\/div>\n\t\t\t\t\t\t<\/div>\n\t\t\t\t<\/div>\n\t\t\t\t\t<\/div>\n\t\t<\/div>\n\t\t\t\t\t<\/div>\n\t\t<\/section>\n\t\t\t\t<section class=\"elementor-section elementor-top-section elementor-element elementor-element-7a75696 elementor-section-boxed elementor-section-height-default elementor-section-height-default\" data-id=\"7a75696\" data-element_type=\"section\" data-e-type=\"section\">\n\t\t\t\t\t\t<div class=\"elementor-container elementor-column-gap-default\">\n\t\t\t\t\t<div class=\"elementor-column elementor-col-100 elementor-top-column elementor-element elementor-element-5014e4b\" data-id=\"5014e4b\" data-element_type=\"column\" data-e-type=\"column\">\n\t\t\t<div class=\"elementor-widget-wrap elementor-element-populated\">\n\t\t\t\t\t\t<div class=\"elementor-element elementor-element-9a3cf74 elementor-widget elementor-widget-text-editor\" data-id=\"9a3cf74\" data-element_type=\"widget\" data-e-type=\"widget\" data-widget_type=\"text-editor.default\">\n\t\t\t\t<div class=\"elementor-widget-container\">\n\t\t\t\t\t\t\t\t\t<p><em>Friederike Jonas<\/em><\/p>\t\t\t\t\t\t\t\t<\/div>\n\t\t\t\t<\/div>\n\t\t\t\t\t<\/div>\n\t\t<\/div>\n\t\t\t\t\t<\/div>\n\t\t<\/section>\n\t\t\t\t<section class=\"elementor-section elementor-top-section elementor-element elementor-element-893f7f0 elementor-section-boxed elementor-section-height-default elementor-section-height-default\" data-id=\"893f7f0\" data-element_type=\"section\" data-e-type=\"section\">\n\t\t\t\t\t\t<div class=\"elementor-container elementor-column-gap-default\">\n\t\t\t\t\t<div class=\"elementor-column elementor-col-100 elementor-top-column elementor-element elementor-element-f75917d\" data-id=\"f75917d\" data-element_type=\"column\" data-e-type=\"column\">\n\t\t\t<div class=\"elementor-widget-wrap elementor-element-populated\">\n\t\t\t\t\t\t<div class=\"elementor-element elementor-element-e23a293 elementor-widget elementor-widget-spacer\" data-id=\"e23a293\" data-element_type=\"widget\" data-e-type=\"widget\" data-widget_type=\"spacer.default\">\n\t\t\t\t<div class=\"elementor-widget-container\">\n\t\t\t\t\t\t\t<div class=\"elementor-spacer\">\n\t\t\t<div class=\"elementor-spacer-inner\"><\/div>\n\t\t<\/div>\n\t\t\t\t\t\t<\/div>\n\t\t\t\t<\/div>\n\t\t\t\t\t<\/div>\n\t\t<\/div>\n\t\t\t\t\t<\/div>\n\t\t<\/section>\n\t\t\t\t<\/div>\n\t\t","protected":false},"excerpt":{"rendered":"<p>Die Sch\u00fcler der 7bcd konnten im Fach Latein k\u00fcrzlich dem Dichter Horaz helfen, der im Keller seines Landguts in den Sabiner Bergen bei Rom einige Papyrusschnipsel und eine r\u00e4tselhafte Schatzkiste gefunden hatte. Weil sie mit mehreren Schl\u00f6ssern verschlossen und er mit seinem Latein am Ende war, rief er die Sch\u00fclerinnen und Sch\u00fcler zu Hilfe, die &hellip; <\/p>\n<p class=\"link-more\"><a href=\"https:\/\/nikolaus-kopernikus-gymnasium.de\/nkgweb\/index.php\/2025\/10\/09\/digitale-schatzsuche-edubreakouts-im-lateinunterricht\/\" class=\"more-link\">Mehr <span class=\"screen-reader-text\">\u00fcber &#8222;Digitale Schatzsuche \u2013 Edubreakouts im Lateinunterricht&#8220; <\/span>Lesen<\/a><\/p>\n","protected":false},"author":6,"featured_media":6745,"comment_status":"closed","ping_status":"closed","sticky":false,"template":"","format":"standard","meta":{"footnotes":""},"categories":[1],"tags":[],"class_list":["post-6734","post","type-post","status-publish","format-standard","has-post-thumbnail","hentry","category-allgemein"],"_links":{"self":[{"href":"https:\/\/nikolaus-kopernikus-gymnasium.de\/nkgweb\/index.php\/wp-json\/wp\/v2\/posts\/6734","targetHints":{"allow":["GET"]}}],"collection":[{"href":"https:\/\/nikolaus-kopernikus-gymnasium.de\/nkgweb\/index.php\/wp-json\/wp\/v2\/posts"}],"about":[{"href":"https:\/\/nikolaus-kopernikus-gymnasium.de\/nkgweb\/index.php\/wp-json\/wp\/v2\/types\/post"}],"author":[{"embeddable":true,"href":"https:\/\/nikolaus-kopernikus-gymnasium.de\/nkgweb\/index.php\/wp-json\/wp\/v2\/users\/6"}],"replies":[{"embeddable":true,"href":"https:\/\/nikolaus-kopernikus-gymnasium.de\/nkgweb\/index.php\/wp-json\/wp\/v2\/comments?post=6734"}],"version-history":[{"count":11,"href":"https:\/\/nikolaus-kopernikus-gymnasium.de\/nkgweb\/index.php\/wp-json\/wp\/v2\/posts\/6734\/revisions"}],"predecessor-version":[{"id":6753,"href":"https:\/\/nikolaus-kopernikus-gymnasium.de\/nkgweb\/index.php\/wp-json\/wp\/v2\/posts\/6734\/revisions\/6753"}],"wp:featuredmedia":[{"embeddable":true,"href":"https:\/\/nikolaus-kopernikus-gymnasium.de\/nkgweb\/index.php\/wp-json\/wp\/v2\/media\/6745"}],"wp:attachment":[{"href":"https:\/\/nikolaus-kopernikus-gymnasium.de\/nkgweb\/index.php\/wp-json\/wp\/v2\/media?parent=6734"}],"wp:term":[{"taxonomy":"category","embeddable":true,"href":"https:\/\/nikolaus-kopernikus-gymnasium.de\/nkgweb\/index.php\/wp-json\/wp\/v2\/categories?post=6734"},{"taxonomy":"post_tag","embeddable":true,"href":"https:\/\/nikolaus-kopernikus-gymnasium.de\/nkgweb\/index.php\/wp-json\/wp\/v2\/tags?post=6734"}],"curies":[{"name":"wp","href":"https:\/\/api.w.org\/{rel}","templated":true}]}}