{"id":6727,"date":"2025-10-07T14:30:14","date_gmt":"2025-10-07T13:30:14","guid":{"rendered":"https:\/\/nikolaus-kopernikus-gymnasium.de\/nkgweb\/?p=6727"},"modified":"2025-10-07T14:31:53","modified_gmt":"2025-10-07T13:31:53","slug":"mein-eigenes-ich-im-reagenzglas","status":"publish","type":"post","link":"https:\/\/nikolaus-kopernikus-gymnasium.de\/nkgweb\/index.php\/2025\/10\/07\/mein-eigenes-ich-im-reagenzglas\/","title":{"rendered":"Mein eigenes Ich im Reagenzglas"},"content":{"rendered":"\n<p>Wer h\u00e4tte gedacht, dass man zum Start ins neue Schuljahr sein eigenes \u201eIch\u201c in einem kleinen Gl\u00e4schen in den H\u00e4nden halten kann? Im Praktikum zur DNA-Isolierung haben die Sch\u00fclerinnen und Sch\u00fcler aus Frau Nagels Biologiekurs nach einer kurzen Mundsp\u00fclung ihre zellul\u00e4ren Geheimnisse preisgegeben, um die fadenf\u00f6rmigen Baupl\u00e4ne des Lebens aus ihrer Mundschleimhaut freizulegen. Kein Witz: Was auf den angeh\u00e4ngten Bildern wie eine zarte, wei\u00dfe Wolke aussieht, ist der Beweis daf\u00fcr, wie komplex jeder von uns auf zellul\u00e4rer Ebene aufgebaut ist!<\/p>\n\n\n\n<div class=\"wp-block-columns is-layout-flex wp-container-core-columns-is-layout-28f84493 wp-block-columns-is-layout-flex\">\n<div class=\"wp-block-column is-layout-flow wp-block-column-is-layout-flow\">\n<figure class=\"wp-block-image size-large\"><img fetchpriority=\"high\" decoding=\"async\" width=\"768\" height=\"1024\" src=\"https:\/\/nikolaus-kopernikus-gymnasium.de\/nkgweb\/wp-content\/uploads\/20250925_144616-768x1024.jpg\" alt=\"\" class=\"wp-image-6728\" srcset=\"https:\/\/nikolaus-kopernikus-gymnasium.de\/nkgweb\/wp-content\/uploads\/20250925_144616-768x1024.jpg 768w, https:\/\/nikolaus-kopernikus-gymnasium.de\/nkgweb\/wp-content\/uploads\/20250925_144616-225x300.jpg 225w, https:\/\/nikolaus-kopernikus-gymnasium.de\/nkgweb\/wp-content\/uploads\/20250925_144616-2000x2667.jpg 2000w, https:\/\/nikolaus-kopernikus-gymnasium.de\/nkgweb\/wp-content\/uploads\/20250925_144616-scaled.jpg 1920w\" sizes=\"(max-width: 768px) 100vw, 768px\" \/><\/figure>\n<\/div>\n\n\n\n<div class=\"wp-block-column is-layout-flow wp-block-column-is-layout-flow\">\n<figure class=\"wp-block-image size-large\"><img decoding=\"async\" width=\"768\" height=\"1024\" src=\"https:\/\/nikolaus-kopernikus-gymnasium.de\/nkgweb\/wp-content\/uploads\/20250925_144845-768x1024.jpg\" alt=\"\" class=\"wp-image-6729\" srcset=\"https:\/\/nikolaus-kopernikus-gymnasium.de\/nkgweb\/wp-content\/uploads\/20250925_144845-768x1024.jpg 768w, https:\/\/nikolaus-kopernikus-gymnasium.de\/nkgweb\/wp-content\/uploads\/20250925_144845-225x300.jpg 225w, https:\/\/nikolaus-kopernikus-gymnasium.de\/nkgweb\/wp-content\/uploads\/20250925_144845-2000x2667.jpg 2000w, https:\/\/nikolaus-kopernikus-gymnasium.de\/nkgweb\/wp-content\/uploads\/20250925_144845-scaled.jpg 1920w\" sizes=\"(max-width: 768px) 100vw, 768px\" \/><\/figure>\n<\/div>\n\n\n\n<div class=\"wp-block-column is-layout-flow wp-block-column-is-layout-flow\">\n<figure class=\"wp-block-image size-large\"><img decoding=\"async\" src=\"https:\/\/nikolaus-kopernikus-gymnasium.de\/nkgweb\/wp-content\/uploads\/20250925_144920-768x1024.jpg\" alt=\"\" class=\"wp-image-6730\"\/><\/figure>\n<\/div>\n<\/div>\n\n\n\n<div style=\"height:30px\" aria-hidden=\"true\" class=\"wp-block-spacer\"><\/div>\n\n\n\n<p class=\"has-text-align-right\"><em>Sonja Nagel<\/em><\/p>\n\n\n\n<div style=\"height:100px\" aria-hidden=\"true\" class=\"wp-block-spacer\"><\/div>\n\n\n\n<p><\/p>\n","protected":false},"excerpt":{"rendered":"<p>Wer h\u00e4tte gedacht, dass man zum Start ins neue Schuljahr sein eigenes \u201eIch\u201c in einem kleinen Gl\u00e4schen in den H\u00e4nden halten kann? Im Praktikum zur DNA-Isolierung haben die Sch\u00fclerinnen und Sch\u00fcler aus Frau Nagels Biologiekurs nach einer kurzen Mundsp\u00fclung ihre zellul\u00e4ren Geheimnisse preisgegeben, um die fadenf\u00f6rmigen Baupl\u00e4ne des Lebens aus ihrer Mundschleimhaut freizulegen. Kein Witz: &hellip; <\/p>\n<p class=\"link-more\"><a href=\"https:\/\/nikolaus-kopernikus-gymnasium.de\/nkgweb\/index.php\/2025\/10\/07\/mein-eigenes-ich-im-reagenzglas\/\" class=\"more-link\">Mehr <span class=\"screen-reader-text\">\u00fcber &#8222;Mein eigenes Ich im Reagenzglas&#8220; <\/span>Lesen<\/a><\/p>\n","protected":false},"author":6,"featured_media":6732,"comment_status":"closed","ping_status":"closed","sticky":false,"template":"","format":"standard","meta":{"footnotes":""},"categories":[1],"tags":[],"class_list":["post-6727","post","type-post","status-publish","format-standard","has-post-thumbnail","hentry","category-allgemein"],"_links":{"self":[{"href":"https:\/\/nikolaus-kopernikus-gymnasium.de\/nkgweb\/index.php\/wp-json\/wp\/v2\/posts\/6727","targetHints":{"allow":["GET"]}}],"collection":[{"href":"https:\/\/nikolaus-kopernikus-gymnasium.de\/nkgweb\/index.php\/wp-json\/wp\/v2\/posts"}],"about":[{"href":"https:\/\/nikolaus-kopernikus-gymnasium.de\/nkgweb\/index.php\/wp-json\/wp\/v2\/types\/post"}],"author":[{"embeddable":true,"href":"https:\/\/nikolaus-kopernikus-gymnasium.de\/nkgweb\/index.php\/wp-json\/wp\/v2\/users\/6"}],"replies":[{"embeddable":true,"href":"https:\/\/nikolaus-kopernikus-gymnasium.de\/nkgweb\/index.php\/wp-json\/wp\/v2\/comments?post=6727"}],"version-history":[{"count":2,"href":"https:\/\/nikolaus-kopernikus-gymnasium.de\/nkgweb\/index.php\/wp-json\/wp\/v2\/posts\/6727\/revisions"}],"predecessor-version":[{"id":6733,"href":"https:\/\/nikolaus-kopernikus-gymnasium.de\/nkgweb\/index.php\/wp-json\/wp\/v2\/posts\/6727\/revisions\/6733"}],"wp:featuredmedia":[{"embeddable":true,"href":"https:\/\/nikolaus-kopernikus-gymnasium.de\/nkgweb\/index.php\/wp-json\/wp\/v2\/media\/6732"}],"wp:attachment":[{"href":"https:\/\/nikolaus-kopernikus-gymnasium.de\/nkgweb\/index.php\/wp-json\/wp\/v2\/media?parent=6727"}],"wp:term":[{"taxonomy":"category","embeddable":true,"href":"https:\/\/nikolaus-kopernikus-gymnasium.de\/nkgweb\/index.php\/wp-json\/wp\/v2\/categories?post=6727"},{"taxonomy":"post_tag","embeddable":true,"href":"https:\/\/nikolaus-kopernikus-gymnasium.de\/nkgweb\/index.php\/wp-json\/wp\/v2\/tags?post=6727"}],"curies":[{"name":"wp","href":"https:\/\/api.w.org\/{rel}","templated":true}]}}