{"id":6586,"date":"2025-07-25T08:09:27","date_gmt":"2025-07-25T07:09:27","guid":{"rendered":"https:\/\/nikolaus-kopernikus-gymnasium.de\/nkgweb\/?p=6586"},"modified":"2025-07-26T08:19:13","modified_gmt":"2025-07-26T07:19:13","slug":"eiszeit-am-nkg-die-mobile-eisdiele-oeffnet-fuer-einen-tag-die-pforten","status":"publish","type":"post","link":"https:\/\/nikolaus-kopernikus-gymnasium.de\/nkgweb\/index.php\/2025\/07\/25\/eiszeit-am-nkg-die-mobile-eisdiele-oeffnet-fuer-einen-tag-die-pforten\/","title":{"rendered":"Eiszeit am NKG &#8211; die mobile Eisdiele \u00f6ffnet ihre Pforten"},"content":{"rendered":"\n<p>Es mag ein sommerlich-hei\u00dfer Abend gewesen sein, als der Elternbeirat in einer der letzten Sitzungen des Schuljahres dar\u00fcber diskutierte, wie die in den letzten Monaten eingenommen Gelder verwendet werden sollen. Und dies m\u00f6glichst nach dem Grundsatz, es allen Sch\u00fclerinnen und Sch\u00fclern zugute- kommen zu lassen. Beste Grundlage also f\u00fcr eine Eis-Entscheidung, um den Kindern (und selbstverst\u00e4ndlich auch den Lehrern) das ausklingende Schuljahr zu vers\u00fc\u00dfen.<\/p>\n\n\n\n<p>Nun w\u00e4ren wir nicht der Elternbeirat, wenn wir einfach einen Eiswagen vor die T\u00fcren der Schule gestellt h\u00e4tten. In einer gemeinsamen Aktion haben wir das Projekt am Montag, 21.7.25 einfach selbst umgesetzt, und damit weitaus weniger Finanzmittel verbraucht. Schlie\u00dflich warten noch andere Ideen auf ihre Umsetzung.<\/p>\n\n\n\n<p>Hand in Hand wurde der organisatorische Aufwand f\u00fcr die mobile Eisdiele gemeistert: wie kommt das Eis an die Schule und wie die Kinder an den Eisstand? Wie halten wir beim Transport die K\u00fchlkette ein und achten auf Unvertr\u00e4glichkeiten? Wie bleibt das Eis kalt, w\u00e4hrend die Kinder im Wechsel nach Jahrgangsstufen unseren Stand besuchen? Brauchen wir eine K\u00fchltruhe? Wohin mit den Verpackungen?<\/p>\n\n\n\n<p>Zugegeben, es war ein Eisschnelllauf an diesem Montag im Juli, aber die Sch\u00fclerinnen und Sch\u00fcler hat es gefreut. \u00dcber 700 Eis am Stiel wechselten \u00fcber die mobile Theke. &nbsp;Auch wenn das Wetter nicht mehr ganz so sommerlich hei\u00df war wie am Tag der Eis-Entscheidung, war es eine erfrischende Aktion, und belohnte f\u00fcr die M\u00fchen des ausgehenden Schuljahres.<\/p>\n\n\n\n<figure class=\"wp-block-image aligncenter size-large is-resized\"><img fetchpriority=\"high\" decoding=\"async\" width=\"832\" height=\"1024\" src=\"https:\/\/nikolaus-kopernikus-gymnasium.de\/nkgweb\/wp-content\/uploads\/Eisaktion-NKG-2-832x1024.jpg\" alt=\"\" class=\"wp-image-6587\" style=\"width:401px;height:auto\" srcset=\"https:\/\/nikolaus-kopernikus-gymnasium.de\/nkgweb\/wp-content\/uploads\/Eisaktion-NKG-2-832x1024.jpg 832w, https:\/\/nikolaus-kopernikus-gymnasium.de\/nkgweb\/wp-content\/uploads\/Eisaktion-NKG-2-244x300.jpg 244w, https:\/\/nikolaus-kopernikus-gymnasium.de\/nkgweb\/wp-content\/uploads\/Eisaktion-NKG-2.jpg 1606w\" sizes=\"(max-width: 832px) 100vw, 832px\" \/><\/figure>\n\n\n\n<div style=\"height:9px\" aria-hidden=\"true\" class=\"wp-block-spacer\"><\/div>\n\n\n\n<p class=\"has-lightgrey-background-color has-background\">Hier gelangen Sie zur Seite des <a href=\"https:\/\/nikolaus-kopernikus-gymnasium.de\/nkgweb\/index.php\/elternbeirat\/\" data-type=\"page\" data-id=\"2833\">Elternbeirats<\/a>.<\/p>\n\n\n\n<p class=\"has-text-align-right\"><em>Bild\/Text: Elternbeirat<\/em><\/p>\n\n\n\n<div style=\"height:100px\" aria-hidden=\"true\" class=\"wp-block-spacer\"><\/div>\n\n\n\n<p><\/p>\n\n\n\n<p><\/p>\n","protected":false},"excerpt":{"rendered":"<p>Es mag ein sommerlich-hei\u00dfer Abend gewesen sein, als der Elternbeirat in einer der letzten Sitzungen des Schuljahres dar\u00fcber diskutierte, wie die in den letzten Monaten eingenommen Gelder verwendet werden sollen. Und dies m\u00f6glichst nach dem Grundsatz, es allen Sch\u00fclerinnen und Sch\u00fclern zugute- kommen zu lassen. Beste Grundlage also f\u00fcr eine Eis-Entscheidung, um den Kindern (und &hellip; <\/p>\n<p class=\"link-more\"><a href=\"https:\/\/nikolaus-kopernikus-gymnasium.de\/nkgweb\/index.php\/2025\/07\/25\/eiszeit-am-nkg-die-mobile-eisdiele-oeffnet-fuer-einen-tag-die-pforten\/\" class=\"more-link\">Mehr <span class=\"screen-reader-text\">\u00fcber &#8222;Eiszeit am NKG &#8211; die mobile Eisdiele \u00f6ffnet ihre Pforten&#8220; <\/span>Lesen<\/a><\/p>\n","protected":false},"author":6,"featured_media":6588,"comment_status":"closed","ping_status":"closed","sticky":false,"template":"","format":"standard","meta":{"footnotes":""},"categories":[1],"tags":[],"class_list":["post-6586","post","type-post","status-publish","format-standard","has-post-thumbnail","hentry","category-allgemein"],"_links":{"self":[{"href":"https:\/\/nikolaus-kopernikus-gymnasium.de\/nkgweb\/index.php\/wp-json\/wp\/v2\/posts\/6586","targetHints":{"allow":["GET"]}}],"collection":[{"href":"https:\/\/nikolaus-kopernikus-gymnasium.de\/nkgweb\/index.php\/wp-json\/wp\/v2\/posts"}],"about":[{"href":"https:\/\/nikolaus-kopernikus-gymnasium.de\/nkgweb\/index.php\/wp-json\/wp\/v2\/types\/post"}],"author":[{"embeddable":true,"href":"https:\/\/nikolaus-kopernikus-gymnasium.de\/nkgweb\/index.php\/wp-json\/wp\/v2\/users\/6"}],"replies":[{"embeddable":true,"href":"https:\/\/nikolaus-kopernikus-gymnasium.de\/nkgweb\/index.php\/wp-json\/wp\/v2\/comments?post=6586"}],"version-history":[{"count":3,"href":"https:\/\/nikolaus-kopernikus-gymnasium.de\/nkgweb\/index.php\/wp-json\/wp\/v2\/posts\/6586\/revisions"}],"predecessor-version":[{"id":6591,"href":"https:\/\/nikolaus-kopernikus-gymnasium.de\/nkgweb\/index.php\/wp-json\/wp\/v2\/posts\/6586\/revisions\/6591"}],"wp:featuredmedia":[{"embeddable":true,"href":"https:\/\/nikolaus-kopernikus-gymnasium.de\/nkgweb\/index.php\/wp-json\/wp\/v2\/media\/6588"}],"wp:attachment":[{"href":"https:\/\/nikolaus-kopernikus-gymnasium.de\/nkgweb\/index.php\/wp-json\/wp\/v2\/media?parent=6586"}],"wp:term":[{"taxonomy":"category","embeddable":true,"href":"https:\/\/nikolaus-kopernikus-gymnasium.de\/nkgweb\/index.php\/wp-json\/wp\/v2\/categories?post=6586"},{"taxonomy":"post_tag","embeddable":true,"href":"https:\/\/nikolaus-kopernikus-gymnasium.de\/nkgweb\/index.php\/wp-json\/wp\/v2\/tags?post=6586"}],"curies":[{"name":"wp","href":"https:\/\/api.w.org\/{rel}","templated":true}]}}