{"id":6582,"date":"2025-07-25T10:50:47","date_gmt":"2025-07-25T09:50:47","guid":{"rendered":"https:\/\/nikolaus-kopernikus-gymnasium.de\/nkgweb\/?p=6582"},"modified":"2025-07-25T10:50:47","modified_gmt":"2025-07-25T09:50:47","slug":"besuch-der-bregenzer-festspiele-2025","status":"publish","type":"post","link":"https:\/\/nikolaus-kopernikus-gymnasium.de\/nkgweb\/index.php\/2025\/07\/25\/besuch-der-bregenzer-festspiele-2025\/","title":{"rendered":"Besuch der Bregenzer Festspiele 2025"},"content":{"rendered":"\n<figure class=\"wp-block-image size-large\"><img fetchpriority=\"high\" decoding=\"async\" width=\"1024\" height=\"768\" src=\"https:\/\/nikolaus-kopernikus-gymnasium.de\/nkgweb\/wp-content\/uploads\/Beitragsbild-1024x768.jpeg\" alt=\"\" class=\"wp-image-6583\" srcset=\"https:\/\/nikolaus-kopernikus-gymnasium.de\/nkgweb\/wp-content\/uploads\/Beitragsbild-1024x768.jpeg 1024w, https:\/\/nikolaus-kopernikus-gymnasium.de\/nkgweb\/wp-content\/uploads\/Beitragsbild-300x225.jpeg 300w, https:\/\/nikolaus-kopernikus-gymnasium.de\/nkgweb\/wp-content\/uploads\/Beitragsbild-2000x1500.jpeg 2000w, https:\/\/nikolaus-kopernikus-gymnasium.de\/nkgweb\/wp-content\/uploads\/Beitragsbild-1536x1152.jpeg 1536w, https:\/\/nikolaus-kopernikus-gymnasium.de\/nkgweb\/wp-content\/uploads\/Beitragsbild.jpeg 2048w\" sizes=\"(max-width: 1024px) 100vw, 1024px\" \/><\/figure>\n\n\n\n<p>Bei bestem Sommerwetter machten sich am Samstag, dem 19.07.2025, rund 70 Sch\u00fclerinnen und Sch\u00fcler des NKG mit dem Bus auf den Weg nach Bregenz. Ziel war die Teilnahme an der Young People\u2018s Night im Rahmen der Bregenzer Festspiele \u2013 ein kulturelles Highlight, das mittlerweile fest im Jahreskalender der Schule verankert ist.<\/p>\n\n\n\n<p>Auf dem Programm stand die Generalprobe der diesj\u00e4hrigen Seeb\u00fchnenproduktion <strong>\u201eDer Freisch\u00fctz\u201c<\/strong> von Carl Maria von Weber. Die eindrucksvolle Inszenierung auf der spektakul\u00e4ren Seeb\u00fchne, kombiniert mit der besonderen Atmosph\u00e4re des Bodensees bei Sonnenuntergang, sorgte bei allen Beteiligten f\u00fcr gro\u00dfe Begeisterung und bleibende Eindr\u00fccke.<\/p>\n\n\n\n<p>Einigkeit herrschte am Ende des Abends: Dieser Ausflug sollte im kommenden Jahr unbedingt wieder stattfinden.<\/p>\n","protected":false},"excerpt":{"rendered":"<p>Bei bestem Sommerwetter machten sich am Samstag, dem 19.07.2025, rund 70 Sch\u00fclerinnen und Sch\u00fcler des NKG mit dem Bus auf den Weg nach Bregenz. Ziel war die Teilnahme an der Young People\u2018s Night im Rahmen der Bregenzer Festspiele \u2013 ein kulturelles Highlight, das mittlerweile fest im Jahreskalender der Schule verankert ist. Auf dem Programm stand &hellip; <\/p>\n<p class=\"link-more\"><a href=\"https:\/\/nikolaus-kopernikus-gymnasium.de\/nkgweb\/index.php\/2025\/07\/25\/besuch-der-bregenzer-festspiele-2025\/\" class=\"more-link\">Mehr <span class=\"screen-reader-text\">\u00fcber &#8222;Besuch der Bregenzer Festspiele 2025&#8220; <\/span>Lesen<\/a><\/p>\n","protected":false},"author":3,"featured_media":6584,"comment_status":"closed","ping_status":"closed","sticky":false,"template":"","format":"standard","meta":{"footnotes":""},"categories":[1],"tags":[],"class_list":["post-6582","post","type-post","status-publish","format-standard","has-post-thumbnail","hentry","category-allgemein"],"_links":{"self":[{"href":"https:\/\/nikolaus-kopernikus-gymnasium.de\/nkgweb\/index.php\/wp-json\/wp\/v2\/posts\/6582","targetHints":{"allow":["GET"]}}],"collection":[{"href":"https:\/\/nikolaus-kopernikus-gymnasium.de\/nkgweb\/index.php\/wp-json\/wp\/v2\/posts"}],"about":[{"href":"https:\/\/nikolaus-kopernikus-gymnasium.de\/nkgweb\/index.php\/wp-json\/wp\/v2\/types\/post"}],"author":[{"embeddable":true,"href":"https:\/\/nikolaus-kopernikus-gymnasium.de\/nkgweb\/index.php\/wp-json\/wp\/v2\/users\/3"}],"replies":[{"embeddable":true,"href":"https:\/\/nikolaus-kopernikus-gymnasium.de\/nkgweb\/index.php\/wp-json\/wp\/v2\/comments?post=6582"}],"version-history":[{"count":1,"href":"https:\/\/nikolaus-kopernikus-gymnasium.de\/nkgweb\/index.php\/wp-json\/wp\/v2\/posts\/6582\/revisions"}],"predecessor-version":[{"id":6585,"href":"https:\/\/nikolaus-kopernikus-gymnasium.de\/nkgweb\/index.php\/wp-json\/wp\/v2\/posts\/6582\/revisions\/6585"}],"wp:featuredmedia":[{"embeddable":true,"href":"https:\/\/nikolaus-kopernikus-gymnasium.de\/nkgweb\/index.php\/wp-json\/wp\/v2\/media\/6584"}],"wp:attachment":[{"href":"https:\/\/nikolaus-kopernikus-gymnasium.de\/nkgweb\/index.php\/wp-json\/wp\/v2\/media?parent=6582"}],"wp:term":[{"taxonomy":"category","embeddable":true,"href":"https:\/\/nikolaus-kopernikus-gymnasium.de\/nkgweb\/index.php\/wp-json\/wp\/v2\/categories?post=6582"},{"taxonomy":"post_tag","embeddable":true,"href":"https:\/\/nikolaus-kopernikus-gymnasium.de\/nkgweb\/index.php\/wp-json\/wp\/v2\/tags?post=6582"}],"curies":[{"name":"wp","href":"https:\/\/api.w.org\/{rel}","templated":true}]}}