{"id":6575,"date":"2025-07-24T08:18:47","date_gmt":"2025-07-24T07:18:47","guid":{"rendered":"https:\/\/nikolaus-kopernikus-gymnasium.de\/nkgweb\/?p=6575"},"modified":"2025-07-24T08:18:47","modified_gmt":"2025-07-24T07:18:47","slug":"musik-erfolge","status":"publish","type":"post","link":"https:\/\/nikolaus-kopernikus-gymnasium.de\/nkgweb\/index.php\/2025\/07\/24\/musik-erfolge\/","title":{"rendered":"Musik &#8211; Erfolge"},"content":{"rendered":"\n<p>Erneut d\u00fcrfen wir uns \u00fcber gro\u00dfartige musikalische Erfolge unserer Sch\u00fclerinnen und Sch\u00fcler freuen.<\/p>\n\n\n\n<figure class=\"wp-block-image size-large\"><img fetchpriority=\"high\" decoding=\"async\" width=\"1024\" height=\"768\" src=\"https:\/\/nikolaus-kopernikus-gymnasium.de\/nkgweb\/wp-content\/uploads\/IMG-20250714-WA0018-1024x768.jpg\" alt=\"\" class=\"wp-image-6576\" srcset=\"https:\/\/nikolaus-kopernikus-gymnasium.de\/nkgweb\/wp-content\/uploads\/IMG-20250714-WA0018-1024x768.jpg 1024w, https:\/\/nikolaus-kopernikus-gymnasium.de\/nkgweb\/wp-content\/uploads\/IMG-20250714-WA0018-300x225.jpg 300w, https:\/\/nikolaus-kopernikus-gymnasium.de\/nkgweb\/wp-content\/uploads\/IMG-20250714-WA0018.jpg 1600w\" sizes=\"(max-width: 1024px) 100vw, 1024px\" \/><\/figure>\n\n\n\n<p>Sarah Schramm und Martin Meyer haben sich im Duo Querfl\u00f6te und Klavier einen hervorragenden 2. Preis im Landeswettbewerb Jugend musiziert erspielt.\u00a0<\/p>\n\n\n\n<figure class=\"wp-block-image size-large\"><img decoding=\"async\" width=\"529\" height=\"1024\" src=\"https:\/\/nikolaus-kopernikus-gymnasium.de\/nkgweb\/wp-content\/uploads\/IMG-20250714-WA0024-529x1024.jpg\" alt=\"\" class=\"wp-image-6577\" srcset=\"https:\/\/nikolaus-kopernikus-gymnasium.de\/nkgweb\/wp-content\/uploads\/IMG-20250714-WA0024-529x1024.jpg 529w, https:\/\/nikolaus-kopernikus-gymnasium.de\/nkgweb\/wp-content\/uploads\/IMG-20250714-WA0024-155x300.jpg 155w, https:\/\/nikolaus-kopernikus-gymnasium.de\/nkgweb\/wp-content\/uploads\/IMG-20250714-WA0024.jpg 622w\" sizes=\"(max-width: 529px) 100vw, 529px\" \/><\/figure>\n\n\n\n<p>Ebenfalls haben Sarah Schram, Martin Meyer und Marie Meyer am letzten Juniwochenende in Kaufbeuren erfolgreich ihre D3-Pr\u00fcfungen absolviert. Sarah und Marie absolvierten die Pr\u00fcfung im Fach Klavier, Martin in den F\u00e4chern Querfl\u00f6te (begleitet von Sarah), und Blockfl\u00f6te.\u00a0<\/p>\n\n\n\n<figure class=\"wp-block-gallery has-nested-images columns-default is-cropped wp-block-gallery-1 is-layout-flex wp-block-gallery-is-layout-flex\">\n<figure class=\"wp-block-image size-large\"><img decoding=\"async\" width=\"1024\" height=\"813\" data-id=\"6578\" src=\"https:\/\/nikolaus-kopernikus-gymnasium.de\/nkgweb\/wp-content\/uploads\/DSC05682-1024x813.jpg\" alt=\"\" class=\"wp-image-6578\" srcset=\"https:\/\/nikolaus-kopernikus-gymnasium.de\/nkgweb\/wp-content\/uploads\/DSC05682-1024x813.jpg 1024w, https:\/\/nikolaus-kopernikus-gymnasium.de\/nkgweb\/wp-content\/uploads\/DSC05682-300x238.jpg 300w, https:\/\/nikolaus-kopernikus-gymnasium.de\/nkgweb\/wp-content\/uploads\/DSC05682.jpg 1890w\" sizes=\"(max-width: 1024px) 100vw, 1024px\" \/><\/figure>\n<\/figure>\n\n\n\n<p>Einen herausragenden Erfolg konnte auch Elias Perkins feiern. Er erhielt den Jugend-F\u00f6rderpreis der Stadt V\u00f6hringen.<\/p>\n\n\n\n<p>Wir gratulieren allen erfolgreichen Sch\u00fclerinnen uns Sch\u00fclern und ihren Instrumentallehrerinnen und Instrumentallehrern!<\/p>\n\n\n\n<p><\/p>\n","protected":false},"excerpt":{"rendered":"<p>Erneut d\u00fcrfen wir uns \u00fcber gro\u00dfartige musikalische Erfolge unserer Sch\u00fclerinnen und Sch\u00fcler freuen. Sarah Schramm und Martin Meyer haben sich im Duo Querfl\u00f6te und Klavier einen hervorragenden 2. Preis im Landeswettbewerb Jugend musiziert erspielt.\u00a0 Ebenfalls haben Sarah Schram, Martin Meyer und Marie Meyer am letzten Juniwochenende in Kaufbeuren erfolgreich ihre D3-Pr\u00fcfungen absolviert. Sarah und Marie &hellip; <\/p>\n<p class=\"link-more\"><a href=\"https:\/\/nikolaus-kopernikus-gymnasium.de\/nkgweb\/index.php\/2025\/07\/24\/musik-erfolge\/\" class=\"more-link\">Mehr <span class=\"screen-reader-text\">\u00fcber &#8222;Musik &#8211; Erfolge&#8220; <\/span>Lesen<\/a><\/p>\n","protected":false},"author":3,"featured_media":6580,"comment_status":"closed","ping_status":"closed","sticky":false,"template":"","format":"standard","meta":{"footnotes":""},"categories":[1],"tags":[],"class_list":["post-6575","post","type-post","status-publish","format-standard","has-post-thumbnail","hentry","category-allgemein"],"_links":{"self":[{"href":"https:\/\/nikolaus-kopernikus-gymnasium.de\/nkgweb\/index.php\/wp-json\/wp\/v2\/posts\/6575","targetHints":{"allow":["GET"]}}],"collection":[{"href":"https:\/\/nikolaus-kopernikus-gymnasium.de\/nkgweb\/index.php\/wp-json\/wp\/v2\/posts"}],"about":[{"href":"https:\/\/nikolaus-kopernikus-gymnasium.de\/nkgweb\/index.php\/wp-json\/wp\/v2\/types\/post"}],"author":[{"embeddable":true,"href":"https:\/\/nikolaus-kopernikus-gymnasium.de\/nkgweb\/index.php\/wp-json\/wp\/v2\/users\/3"}],"replies":[{"embeddable":true,"href":"https:\/\/nikolaus-kopernikus-gymnasium.de\/nkgweb\/index.php\/wp-json\/wp\/v2\/comments?post=6575"}],"version-history":[{"count":1,"href":"https:\/\/nikolaus-kopernikus-gymnasium.de\/nkgweb\/index.php\/wp-json\/wp\/v2\/posts\/6575\/revisions"}],"predecessor-version":[{"id":6581,"href":"https:\/\/nikolaus-kopernikus-gymnasium.de\/nkgweb\/index.php\/wp-json\/wp\/v2\/posts\/6575\/revisions\/6581"}],"wp:featuredmedia":[{"embeddable":true,"href":"https:\/\/nikolaus-kopernikus-gymnasium.de\/nkgweb\/index.php\/wp-json\/wp\/v2\/media\/6580"}],"wp:attachment":[{"href":"https:\/\/nikolaus-kopernikus-gymnasium.de\/nkgweb\/index.php\/wp-json\/wp\/v2\/media?parent=6575"}],"wp:term":[{"taxonomy":"category","embeddable":true,"href":"https:\/\/nikolaus-kopernikus-gymnasium.de\/nkgweb\/index.php\/wp-json\/wp\/v2\/categories?post=6575"},{"taxonomy":"post_tag","embeddable":true,"href":"https:\/\/nikolaus-kopernikus-gymnasium.de\/nkgweb\/index.php\/wp-json\/wp\/v2\/tags?post=6575"}],"curies":[{"name":"wp","href":"https:\/\/api.w.org\/{rel}","templated":true}]}}