{"id":6548,"date":"2025-07-21T07:57:03","date_gmt":"2025-07-21T06:57:03","guid":{"rendered":"https:\/\/nikolaus-kopernikus-gymnasium.de\/nkgweb\/?p=6548"},"modified":"2025-07-21T08:03:28","modified_gmt":"2025-07-21T07:03:28","slug":"eine-altersklasse-darf-zum-landesfinale","status":"publish","type":"post","link":"https:\/\/nikolaus-kopernikus-gymnasium.de\/nkgweb\/index.php\/2025\/07\/21\/eine-altersklasse-darf-zum-landesfinale\/","title":{"rendered":"Eine Altersklasse darf zum Landesfinale!"},"content":{"rendered":"\n<p>Am 08.07.25 wurde beim Bezirksfinale in Augsburg mit unseren drei Mannschaften in vielen leichtathletischen Disziplinen um jeden Zentimeter und jede Millisekunde gek\u00e4mpft. Sch\u00fcler und Sch\u00fclerinnen von der f\u00fcnften bis zur elften Klasse traten dabei gegen andere Schulen aus der Region Schwaben an. Besonders \u00fcberzeugen konnten unsere Sch\u00fcler und Sch\u00fclerinnen der Wettkampfklasse IV (Klasse 5-7), indem sie sich den ersten Platz in Ihrer Altersgruppe sicherten. Dadurch d\u00fcrfen die erfolgreichen Athleten und Athletinnen am 22.07.25 zum Landesfinale. <\/p>\n\n\n\n<p>In der Altersklasse III (Klasse (7-9) belegte das NKG- Wei\u00dfenhorn den zweiten Platz und in der Altersklasse II (Klassen 10 &amp;11) den dritten Platz. Ein toller Tag f\u00fcr die Leichtathletik am NKG \u2013 allerdings mit durchwachsen g\u00fcnstigen Wetterverh\u00e4ltnissen f\u00fcr einen Wettkampf im Freien\u2013 ging nicht zu Ende, ohne dass neue Schulrekorde aufgestellt wurden.<\/p>\n\n\n\n<p>Ein Dank gilt nicht nur den teilgenommenen Athleten und Athletinnen sondern auch den Betreuern aus der Oberstufe! <\/p>\n\n\n\n<figure class=\"wp-block-image aligncenter size-large is-resized\"><img fetchpriority=\"high\" decoding=\"async\" width=\"1024\" height=\"575\" src=\"https:\/\/nikolaus-kopernikus-gymnasium.de\/nkgweb\/wp-content\/uploads\/Leichtat-2-1024x575.png\" alt=\"\" class=\"wp-image-6549\" style=\"width:937px;height:auto\" srcset=\"https:\/\/nikolaus-kopernikus-gymnasium.de\/nkgweb\/wp-content\/uploads\/Leichtat-2-1024x575.png 1024w, https:\/\/nikolaus-kopernikus-gymnasium.de\/nkgweb\/wp-content\/uploads\/Leichtat-2-300x169.png 300w, https:\/\/nikolaus-kopernikus-gymnasium.de\/nkgweb\/wp-content\/uploads\/Leichtat-2.png 1376w\" sizes=\"(max-width: 1024px) 100vw, 1024px\" \/><\/figure>\n\n\n\n<div style=\"height:26px\" aria-hidden=\"true\" class=\"wp-block-spacer\"><\/div>\n\n\n\n<p class=\"has-text-align-right\"><em>S\u00f6ren Schmelz<\/em><\/p>\n\n\n\n<div style=\"height:100px\" aria-hidden=\"true\" class=\"wp-block-spacer\"><\/div>\n","protected":false},"excerpt":{"rendered":"<p>Am 08.07.25 wurde beim Bezirksfinale in Augsburg mit unseren drei Mannschaften in vielen leichtathletischen Disziplinen um jeden Zentimeter und jede Millisekunde gek\u00e4mpft. Sch\u00fcler und Sch\u00fclerinnen von der f\u00fcnften bis zur elften Klasse traten dabei gegen andere Schulen aus der Region Schwaben an. Besonders \u00fcberzeugen konnten unsere Sch\u00fcler und Sch\u00fclerinnen der Wettkampfklasse IV (Klasse 5-7), indem &hellip; <\/p>\n<p class=\"link-more\"><a href=\"https:\/\/nikolaus-kopernikus-gymnasium.de\/nkgweb\/index.php\/2025\/07\/21\/eine-altersklasse-darf-zum-landesfinale\/\" class=\"more-link\">Mehr <span class=\"screen-reader-text\">\u00fcber &#8222;Eine Altersklasse darf zum Landesfinale!&#8220; <\/span>Lesen<\/a><\/p>\n","protected":false},"author":6,"featured_media":6550,"comment_status":"closed","ping_status":"closed","sticky":false,"template":"","format":"standard","meta":{"footnotes":""},"categories":[1],"tags":[],"class_list":["post-6548","post","type-post","status-publish","format-standard","has-post-thumbnail","hentry","category-allgemein"],"_links":{"self":[{"href":"https:\/\/nikolaus-kopernikus-gymnasium.de\/nkgweb\/index.php\/wp-json\/wp\/v2\/posts\/6548","targetHints":{"allow":["GET"]}}],"collection":[{"href":"https:\/\/nikolaus-kopernikus-gymnasium.de\/nkgweb\/index.php\/wp-json\/wp\/v2\/posts"}],"about":[{"href":"https:\/\/nikolaus-kopernikus-gymnasium.de\/nkgweb\/index.php\/wp-json\/wp\/v2\/types\/post"}],"author":[{"embeddable":true,"href":"https:\/\/nikolaus-kopernikus-gymnasium.de\/nkgweb\/index.php\/wp-json\/wp\/v2\/users\/6"}],"replies":[{"embeddable":true,"href":"https:\/\/nikolaus-kopernikus-gymnasium.de\/nkgweb\/index.php\/wp-json\/wp\/v2\/comments?post=6548"}],"version-history":[{"count":3,"href":"https:\/\/nikolaus-kopernikus-gymnasium.de\/nkgweb\/index.php\/wp-json\/wp\/v2\/posts\/6548\/revisions"}],"predecessor-version":[{"id":6555,"href":"https:\/\/nikolaus-kopernikus-gymnasium.de\/nkgweb\/index.php\/wp-json\/wp\/v2\/posts\/6548\/revisions\/6555"}],"wp:featuredmedia":[{"embeddable":true,"href":"https:\/\/nikolaus-kopernikus-gymnasium.de\/nkgweb\/index.php\/wp-json\/wp\/v2\/media\/6550"}],"wp:attachment":[{"href":"https:\/\/nikolaus-kopernikus-gymnasium.de\/nkgweb\/index.php\/wp-json\/wp\/v2\/media?parent=6548"}],"wp:term":[{"taxonomy":"category","embeddable":true,"href":"https:\/\/nikolaus-kopernikus-gymnasium.de\/nkgweb\/index.php\/wp-json\/wp\/v2\/categories?post=6548"},{"taxonomy":"post_tag","embeddable":true,"href":"https:\/\/nikolaus-kopernikus-gymnasium.de\/nkgweb\/index.php\/wp-json\/wp\/v2\/tags?post=6548"}],"curies":[{"name":"wp","href":"https:\/\/api.w.org\/{rel}","templated":true}]}}