{"id":6517,"date":"2025-07-08T20:05:15","date_gmt":"2025-07-08T19:05:15","guid":{"rendered":"https:\/\/nikolaus-kopernikus-gymnasium.de\/nkgweb\/?p=6517"},"modified":"2025-07-08T20:05:15","modified_gmt":"2025-07-08T19:05:15","slug":"wir-sind-bei-klasse-klassik-2026-dabei","status":"publish","type":"post","link":"https:\/\/nikolaus-kopernikus-gymnasium.de\/nkgweb\/index.php\/2025\/07\/08\/wir-sind-bei-klasse-klassik-2026-dabei\/","title":{"rendered":"Wir sind bei Klasse Klassik 2026 dabei!"},"content":{"rendered":"\n<figure class=\"wp-block-image size-large\"><img fetchpriority=\"high\" decoding=\"async\" width=\"1024\" height=\"683\" src=\"https:\/\/nikolaus-kopernikus-gymnasium.de\/nkgweb\/wp-content\/uploads\/Orchester-Gruppenbild-1024x683.jpg\" alt=\"\" class=\"wp-image-6518\" srcset=\"https:\/\/nikolaus-kopernikus-gymnasium.de\/nkgweb\/wp-content\/uploads\/Orchester-Gruppenbild-1024x683.jpg 1024w, https:\/\/nikolaus-kopernikus-gymnasium.de\/nkgweb\/wp-content\/uploads\/Orchester-Gruppenbild-300x200.jpg 300w, https:\/\/nikolaus-kopernikus-gymnasium.de\/nkgweb\/wp-content\/uploads\/Orchester-Gruppenbild-2000x1333.jpg 2000w\" sizes=\"(max-width: 1024px) 100vw, 1024px\" \/><\/figure>\n\n\n\n<p>Mit gro\u00dfer Freude und Stolz d\u00fcrfen wir verk\u00fcnden: Das Sinfonieorchester des NKG wurde aus zahlreichen Bewerbungen ausgew\u00e4hlt, am renommierten Projekt <em>Klasse Klassik 2026<\/em> teilzunehmen!<\/p>\n\n\n\n<p>Im Rahmen dieses au\u00dfergew\u00f6hnlichen Bildungs- und Musikprojekts erhalten unsere Sch\u00fclerinnen und Sch\u00fcler die Gelegenheit, gemeinsam mit professionellen Musikerinnen und Musikern des M\u00fcnchner Rundfunkorchesters zu proben \u2013 und schlie\u00dflich in einem gemeinsamen Abschlusskonzert in der eindrucksvollen Isarphilharmonie im Gasteig HP8 aufzutreten.<\/p>\n\n\n\n<p>Im Mittelpunkt von <em>Klasse Klassik<\/em> steht die Musikbegeisterung junger Menschen: In intensiven Probenphasen erarbeiten sich die beteiligten Schulorchester \u2013 Seite an Seite mit den Profis \u2013 ein anspruchsvolles Programm unter dem Motto <em>&#8222;Dance Around the World&#8220;<\/em>. Dabei flie\u00dfen nicht nur musikalische Fertigkeiten ein, sondern auch Teamgeist, Disziplin und die Freude am gemeinsamen Musizieren.<\/p>\n\n\n\n<p>Das Projekt, das bereits zum 18. Mal durchgef\u00fchrt wird, ist eine Initiative in Kooperation mit dem Bayerischen Staatsministerium f\u00fcr Unterricht und Kultus sowie der Bayerischen Landeskoordinierungsstelle Musik. Es wird unterst\u00fctzt vom Kulturreferat der Landeshauptstadt M\u00fcnchen und dem Freundeskreis des M\u00fcnchner Rundfunkorchesters.<\/p>\n\n\n\n<p>Mehr Informationen zum Projekt folgen in K\u00fcrze \u2013 bleiben Sie dran!<\/p>\n\n\n\n<figure class=\"wp-block-embed is-type-wp-embed is-provider-m-nchner-rundfunkorchester wp-block-embed-m-nchner-rundfunkorchester\"><div class=\"wp-block-embed__wrapper\">\n<blockquote class=\"wp-embedded-content\" data-secret=\"UH1BLA0ZWs\"><a href=\"https:\/\/www.rundfunkorchester.de\/konzerte\/klasse-klassik-dance-around-the-world\/\">Klasse Klassik &#8211; Dance Around the World<\/a><\/blockquote><iframe class=\"wp-embedded-content\" sandbox=\"allow-scripts\" security=\"restricted\" style=\"position: absolute; visibility: hidden;\" title=\"&#8222;Klasse Klassik &#8211; Dance Around the World&#8220; &#8212; M\u00fcnchner Rundfunkorchester\" src=\"https:\/\/www.rundfunkorchester.de\/konzerte\/klasse-klassik-dance-around-the-world\/embed\/#?secret=UjsVbmjXte#?secret=UH1BLA0ZWs\" data-secret=\"UH1BLA0ZWs\" width=\"600\" height=\"338\" frameborder=\"0\" marginwidth=\"0\" marginheight=\"0\" scrolling=\"no\"><\/iframe>\n<\/div><\/figure>\n\n\n\n<p>Text: Tobias Keck<\/p>\n\n\n\n<p>Foto: Matthias Kanisch<\/p>\n","protected":false},"excerpt":{"rendered":"<p>Mit gro\u00dfer Freude und Stolz d\u00fcrfen wir verk\u00fcnden: Das Sinfonieorchester des NKG wurde aus zahlreichen Bewerbungen ausgew\u00e4hlt, am renommierten Projekt Klasse Klassik 2026 teilzunehmen! Im Rahmen dieses au\u00dfergew\u00f6hnlichen Bildungs- und Musikprojekts erhalten unsere Sch\u00fclerinnen und Sch\u00fcler die Gelegenheit, gemeinsam mit professionellen Musikerinnen und Musikern des M\u00fcnchner Rundfunkorchesters zu proben \u2013 und schlie\u00dflich in einem gemeinsamen &hellip; <\/p>\n<p class=\"link-more\"><a href=\"https:\/\/nikolaus-kopernikus-gymnasium.de\/nkgweb\/index.php\/2025\/07\/08\/wir-sind-bei-klasse-klassik-2026-dabei\/\" class=\"more-link\">Mehr <span class=\"screen-reader-text\">\u00fcber &#8222;Wir sind bei Klasse Klassik 2026 dabei!&#8220; <\/span>Lesen<\/a><\/p>\n","protected":false},"author":3,"featured_media":6519,"comment_status":"closed","ping_status":"closed","sticky":false,"template":"","format":"standard","meta":{"footnotes":""},"categories":[1],"tags":[],"class_list":["post-6517","post","type-post","status-publish","format-standard","has-post-thumbnail","hentry","category-allgemein"],"_links":{"self":[{"href":"https:\/\/nikolaus-kopernikus-gymnasium.de\/nkgweb\/index.php\/wp-json\/wp\/v2\/posts\/6517","targetHints":{"allow":["GET"]}}],"collection":[{"href":"https:\/\/nikolaus-kopernikus-gymnasium.de\/nkgweb\/index.php\/wp-json\/wp\/v2\/posts"}],"about":[{"href":"https:\/\/nikolaus-kopernikus-gymnasium.de\/nkgweb\/index.php\/wp-json\/wp\/v2\/types\/post"}],"author":[{"embeddable":true,"href":"https:\/\/nikolaus-kopernikus-gymnasium.de\/nkgweb\/index.php\/wp-json\/wp\/v2\/users\/3"}],"replies":[{"embeddable":true,"href":"https:\/\/nikolaus-kopernikus-gymnasium.de\/nkgweb\/index.php\/wp-json\/wp\/v2\/comments?post=6517"}],"version-history":[{"count":1,"href":"https:\/\/nikolaus-kopernikus-gymnasium.de\/nkgweb\/index.php\/wp-json\/wp\/v2\/posts\/6517\/revisions"}],"predecessor-version":[{"id":6520,"href":"https:\/\/nikolaus-kopernikus-gymnasium.de\/nkgweb\/index.php\/wp-json\/wp\/v2\/posts\/6517\/revisions\/6520"}],"wp:featuredmedia":[{"embeddable":true,"href":"https:\/\/nikolaus-kopernikus-gymnasium.de\/nkgweb\/index.php\/wp-json\/wp\/v2\/media\/6519"}],"wp:attachment":[{"href":"https:\/\/nikolaus-kopernikus-gymnasium.de\/nkgweb\/index.php\/wp-json\/wp\/v2\/media?parent=6517"}],"wp:term":[{"taxonomy":"category","embeddable":true,"href":"https:\/\/nikolaus-kopernikus-gymnasium.de\/nkgweb\/index.php\/wp-json\/wp\/v2\/categories?post=6517"},{"taxonomy":"post_tag","embeddable":true,"href":"https:\/\/nikolaus-kopernikus-gymnasium.de\/nkgweb\/index.php\/wp-json\/wp\/v2\/tags?post=6517"}],"curies":[{"name":"wp","href":"https:\/\/api.w.org\/{rel}","templated":true}]}}