{"id":6513,"date":"2025-07-08T20:00:02","date_gmt":"2025-07-08T19:00:02","guid":{"rendered":"https:\/\/nikolaus-kopernikus-gymnasium.de\/nkgweb\/?p=6513"},"modified":"2025-07-08T20:00:02","modified_gmt":"2025-07-08T19:00:02","slug":"wirf-deine-angst-in-die-luft-inklusives-theaterprojekt-feiert-beruehrende-wiederaufnahme","status":"publish","type":"post","link":"https:\/\/nikolaus-kopernikus-gymnasium.de\/nkgweb\/index.php\/2025\/07\/08\/wirf-deine-angst-in-die-luft-inklusives-theaterprojekt-feiert-beruehrende-wiederaufnahme\/","title":{"rendered":"\u201eWirf deine Angst in die Luft\u201c \u2013 Inklusives Theaterprojekt feiert ber\u00fchrende Wiederaufnahme"},"content":{"rendered":"\n<figure class=\"wp-block-image size-large\"><img fetchpriority=\"high\" decoding=\"async\" width=\"1024\" height=\"676\" src=\"https:\/\/nikolaus-kopernikus-gymnasium.de\/nkgweb\/wp-content\/uploads\/HEYOKA-kleiner-1024x676.jpg\" alt=\"\" class=\"wp-image-6514\" srcset=\"https:\/\/nikolaus-kopernikus-gymnasium.de\/nkgweb\/wp-content\/uploads\/HEYOKA-kleiner-1024x676.jpg 1024w, https:\/\/nikolaus-kopernikus-gymnasium.de\/nkgweb\/wp-content\/uploads\/HEYOKA-kleiner-300x198.jpg 300w, https:\/\/nikolaus-kopernikus-gymnasium.de\/nkgweb\/wp-content\/uploads\/HEYOKA-kleiner-2000x1320.jpg 2000w\" sizes=\"(max-width: 1024px) 100vw, 1024px\" \/><\/figure>\n\n\n\n<p>Am 05. und 06. Juni wurde das St\u00fcck <em>\u201eWirf deine Angst in die Luft\u201c<\/em> erneut im ROXY Ulm aufgef\u00fchrt \u2013 und sorgte wie schon bei der Premiere im Vorjahr f\u00fcr gro\u00dfe emotionale Resonanz. Das inklusive Theaterprojekt entstand im Rahmen des P-Seminars Musik am Nikolaus-Kopernikus-Gymnasium Wei\u00dfenhorn in Zusammenarbeit mit dem HEYOKA Theater Ulm und f\u00f6rdert den Mut, die Vielfalt und das Miteinander junger Menschen.<\/p>\n\n\n\n<p>In einer besonderen Schulvorstellung am 06. Juni besuchten auch die 10. Klassen des NKG die Auff\u00fchrung und erlebten, wie Kinder und Jugendliche mit und ohne Behinderung gemeinsam auf der B\u00fchne \u00c4ngste thematisierten \u2013 von Lampenfieber \u00fcber zwischenmenschliche Unsicherheiten bis hin zu globalen Krisen. Dabei standen nicht die Unterschiede, sondern die gemeinsamen St\u00e4rken im Mittelpunkt.<\/p>\n\n\n\n<p>Musik, Theater und ein respektvoller Umgang auf Augenh\u00f6he schufen ein Erlebnis, das weit \u00fcber die B\u00fchne hinauswirkte. Das Projekt zeigt eindrucksvoll: Angst l\u00e4sst sich verwandeln \u2013 durch Gemeinschaft, Kreativit\u00e4t und die Kraft der Vielfalt.<\/p>\n\n\n\n<p>Weitere Eindr\u00fccke erhalten Sie unter dem folgenden Link zu ARTE, die bei der Schulauff\u00fchrung einen Beitrag f\u00fcr \u201eartejunior\u201c produziert haben.<\/p>\n\n\n\n<p><a href=\"https:\/\/www.arte.tv\/de\/videos\/127620-000-A\/inklusives-theater-wirf-deine-angst-in-die-luft\">https:\/\/www.arte.tv\/de\/videos\/127620-000-A\/inklusives-theater-wirf-deine-angst-in-die-luft<\/a><\/p>\n\n\n\n<p><\/p>\n","protected":false},"excerpt":{"rendered":"<p>Am 05. und 06. Juni wurde das St\u00fcck \u201eWirf deine Angst in die Luft\u201c erneut im ROXY Ulm aufgef\u00fchrt \u2013 und sorgte wie schon bei der Premiere im Vorjahr f\u00fcr gro\u00dfe emotionale Resonanz. Das inklusive Theaterprojekt entstand im Rahmen des P-Seminars Musik am Nikolaus-Kopernikus-Gymnasium Wei\u00dfenhorn in Zusammenarbeit mit dem HEYOKA Theater Ulm und f\u00f6rdert den &hellip; <\/p>\n<p class=\"link-more\"><a href=\"https:\/\/nikolaus-kopernikus-gymnasium.de\/nkgweb\/index.php\/2025\/07\/08\/wirf-deine-angst-in-die-luft-inklusives-theaterprojekt-feiert-beruehrende-wiederaufnahme\/\" class=\"more-link\">Mehr <span class=\"screen-reader-text\">\u00fcber &#8222;\u201eWirf deine Angst in die Luft\u201c \u2013 Inklusives Theaterprojekt feiert ber\u00fchrende Wiederaufnahme&#8220; <\/span>Lesen<\/a><\/p>\n","protected":false},"author":3,"featured_media":6515,"comment_status":"closed","ping_status":"closed","sticky":false,"template":"","format":"standard","meta":{"footnotes":""},"categories":[1],"tags":[],"class_list":["post-6513","post","type-post","status-publish","format-standard","has-post-thumbnail","hentry","category-allgemein"],"_links":{"self":[{"href":"https:\/\/nikolaus-kopernikus-gymnasium.de\/nkgweb\/index.php\/wp-json\/wp\/v2\/posts\/6513","targetHints":{"allow":["GET"]}}],"collection":[{"href":"https:\/\/nikolaus-kopernikus-gymnasium.de\/nkgweb\/index.php\/wp-json\/wp\/v2\/posts"}],"about":[{"href":"https:\/\/nikolaus-kopernikus-gymnasium.de\/nkgweb\/index.php\/wp-json\/wp\/v2\/types\/post"}],"author":[{"embeddable":true,"href":"https:\/\/nikolaus-kopernikus-gymnasium.de\/nkgweb\/index.php\/wp-json\/wp\/v2\/users\/3"}],"replies":[{"embeddable":true,"href":"https:\/\/nikolaus-kopernikus-gymnasium.de\/nkgweb\/index.php\/wp-json\/wp\/v2\/comments?post=6513"}],"version-history":[{"count":1,"href":"https:\/\/nikolaus-kopernikus-gymnasium.de\/nkgweb\/index.php\/wp-json\/wp\/v2\/posts\/6513\/revisions"}],"predecessor-version":[{"id":6516,"href":"https:\/\/nikolaus-kopernikus-gymnasium.de\/nkgweb\/index.php\/wp-json\/wp\/v2\/posts\/6513\/revisions\/6516"}],"wp:featuredmedia":[{"embeddable":true,"href":"https:\/\/nikolaus-kopernikus-gymnasium.de\/nkgweb\/index.php\/wp-json\/wp\/v2\/media\/6515"}],"wp:attachment":[{"href":"https:\/\/nikolaus-kopernikus-gymnasium.de\/nkgweb\/index.php\/wp-json\/wp\/v2\/media?parent=6513"}],"wp:term":[{"taxonomy":"category","embeddable":true,"href":"https:\/\/nikolaus-kopernikus-gymnasium.de\/nkgweb\/index.php\/wp-json\/wp\/v2\/categories?post=6513"},{"taxonomy":"post_tag","embeddable":true,"href":"https:\/\/nikolaus-kopernikus-gymnasium.de\/nkgweb\/index.php\/wp-json\/wp\/v2\/tags?post=6513"}],"curies":[{"name":"wp","href":"https:\/\/api.w.org\/{rel}","templated":true}]}}