{"id":6509,"date":"2025-07-08T19:39:58","date_gmt":"2025-07-08T18:39:58","guid":{"rendered":"https:\/\/nikolaus-kopernikus-gymnasium.de\/nkgweb\/?p=6509"},"modified":"2025-07-08T19:39:58","modified_gmt":"2025-07-08T18:39:58","slug":"streicherensemble-im-zedernsaal","status":"publish","type":"post","link":"https:\/\/nikolaus-kopernikus-gymnasium.de\/nkgweb\/index.php\/2025\/07\/08\/streicherensemble-im-zedernsaal\/","title":{"rendered":"Streicherensemble im Zedernsaal"},"content":{"rendered":"\n<figure class=\"wp-block-image size-large\"><img fetchpriority=\"high\" decoding=\"async\" width=\"1024\" height=\"683\" src=\"https:\/\/nikolaus-kopernikus-gymnasium.de\/nkgweb\/wp-content\/uploads\/Zedernsaal_kl-1024x683.jpg\" alt=\"\" class=\"wp-image-6510\" srcset=\"https:\/\/nikolaus-kopernikus-gymnasium.de\/nkgweb\/wp-content\/uploads\/Zedernsaal_kl-1024x683.jpg 1024w, https:\/\/nikolaus-kopernikus-gymnasium.de\/nkgweb\/wp-content\/uploads\/Zedernsaal_kl-300x200.jpg 300w, https:\/\/nikolaus-kopernikus-gymnasium.de\/nkgweb\/wp-content\/uploads\/Zedernsaal_kl-2000x1333.jpg 2000w\" sizes=\"(max-width: 1024px) 100vw, 1024px\" \/><\/figure>\n\n\n\n<p>Ein besonderer H\u00f6hepunkt des Schuljahres war der Auftritt unseres Streicherensembles im prachtvollen Zedernsaal des Schlosses in Kirchheim \u2013 einem der bedeutendsten Renaissance-S\u00e4le Deutschlands. Nach einem erfolgreichen Vorspiel vor einer&nbsp; Fachjury, bei dem das Ensemble durch musikalische Pr\u00e4zision, au\u00dfergew\u00f6hnliche Ausdruckskraft und mitrei\u00dfende Spielfreude \u00fcberzeugte, wurde den jungen Musikerinnen und Musikern diese ehrenvolle Einladung zuteil. Mit dieser Leistung z\u00e4hlt das Ensemble zu den besten seiner Art in ganz Schwaben. Der Auftritt im historischen Ambiente wurde zu einem unvergesslichen Erlebnis f\u00fcr Publikum und Ensemble gleicherma\u00dfen \u2013 ein klangvoller Beweis f\u00fcr das hohe Niveau musikalischer Arbeit an unserer Schule.<\/p>\n\n\n\n<p><\/p>\n","protected":false},"excerpt":{"rendered":"<p>Ein besonderer H\u00f6hepunkt des Schuljahres war der Auftritt unseres Streicherensembles im prachtvollen Zedernsaal des Schlosses in Kirchheim \u2013 einem der bedeutendsten Renaissance-S\u00e4le Deutschlands. Nach einem erfolgreichen Vorspiel vor einer&nbsp; Fachjury, bei dem das Ensemble durch musikalische Pr\u00e4zision, au\u00dfergew\u00f6hnliche Ausdruckskraft und mitrei\u00dfende Spielfreude \u00fcberzeugte, wurde den jungen Musikerinnen und Musikern diese ehrenvolle Einladung zuteil. Mit dieser &hellip; <\/p>\n<p class=\"link-more\"><a href=\"https:\/\/nikolaus-kopernikus-gymnasium.de\/nkgweb\/index.php\/2025\/07\/08\/streicherensemble-im-zedernsaal\/\" class=\"more-link\">Mehr <span class=\"screen-reader-text\">\u00fcber &#8222;Streicherensemble im Zedernsaal&#8220; <\/span>Lesen<\/a><\/p>\n","protected":false},"author":3,"featured_media":6511,"comment_status":"closed","ping_status":"closed","sticky":false,"template":"","format":"standard","meta":{"footnotes":""},"categories":[1],"tags":[],"class_list":["post-6509","post","type-post","status-publish","format-standard","has-post-thumbnail","hentry","category-allgemein"],"_links":{"self":[{"href":"https:\/\/nikolaus-kopernikus-gymnasium.de\/nkgweb\/index.php\/wp-json\/wp\/v2\/posts\/6509","targetHints":{"allow":["GET"]}}],"collection":[{"href":"https:\/\/nikolaus-kopernikus-gymnasium.de\/nkgweb\/index.php\/wp-json\/wp\/v2\/posts"}],"about":[{"href":"https:\/\/nikolaus-kopernikus-gymnasium.de\/nkgweb\/index.php\/wp-json\/wp\/v2\/types\/post"}],"author":[{"embeddable":true,"href":"https:\/\/nikolaus-kopernikus-gymnasium.de\/nkgweb\/index.php\/wp-json\/wp\/v2\/users\/3"}],"replies":[{"embeddable":true,"href":"https:\/\/nikolaus-kopernikus-gymnasium.de\/nkgweb\/index.php\/wp-json\/wp\/v2\/comments?post=6509"}],"version-history":[{"count":1,"href":"https:\/\/nikolaus-kopernikus-gymnasium.de\/nkgweb\/index.php\/wp-json\/wp\/v2\/posts\/6509\/revisions"}],"predecessor-version":[{"id":6512,"href":"https:\/\/nikolaus-kopernikus-gymnasium.de\/nkgweb\/index.php\/wp-json\/wp\/v2\/posts\/6509\/revisions\/6512"}],"wp:featuredmedia":[{"embeddable":true,"href":"https:\/\/nikolaus-kopernikus-gymnasium.de\/nkgweb\/index.php\/wp-json\/wp\/v2\/media\/6511"}],"wp:attachment":[{"href":"https:\/\/nikolaus-kopernikus-gymnasium.de\/nkgweb\/index.php\/wp-json\/wp\/v2\/media?parent=6509"}],"wp:term":[{"taxonomy":"category","embeddable":true,"href":"https:\/\/nikolaus-kopernikus-gymnasium.de\/nkgweb\/index.php\/wp-json\/wp\/v2\/categories?post=6509"},{"taxonomy":"post_tag","embeddable":true,"href":"https:\/\/nikolaus-kopernikus-gymnasium.de\/nkgweb\/index.php\/wp-json\/wp\/v2\/tags?post=6509"}],"curies":[{"name":"wp","href":"https:\/\/api.w.org\/{rel}","templated":true}]}}