{"id":6461,"date":"2025-06-21T12:11:07","date_gmt":"2025-06-21T11:11:07","guid":{"rendered":"https:\/\/nikolaus-kopernikus-gymnasium.de\/nkgweb\/?p=6461"},"modified":"2025-06-23T13:40:41","modified_gmt":"2025-06-23T12:40:41","slug":"einladung-zur-ausstellungseroeffnung","status":"publish","type":"post","link":"https:\/\/nikolaus-kopernikus-gymnasium.de\/nkgweb\/index.php\/2025\/06\/21\/einladung-zur-ausstellungseroeffnung\/","title":{"rendered":"P-Seminare Technik und Geschichte &#8211; Einladung zur Ausstellungser\u00f6ffnung"},"content":{"rendered":"\n<p>Die P-Seminare Technik und Geschichte laden Sie herzlich ein zusammen mit dem Heimatmuseum Wei\u00dfenhorn zur Ausstellungser\u00f6ffnung am Freitag, 27.06.2025, 19 Uhr in der Schranne. Die Sch\u00fclerinnen und Sch\u00fcler freuen sich auf Ihren Besuch an diesem besonderen Abend. Die Ausstellung k\u00f6nnen Sie dann vom 27.06. bis 04.07.2025 in der Schranne besuchen! \u00d6ffnungszeiten: an den Wochenenden und Donnerstag und Freitag jeweils von 14 bis 17 Uhr. <\/p>\n\n\n\n<p class=\"has-lightgrey-background-color has-background\"><a href=\"https:\/\/nikolaus-kopernikus-gymnasium.de\/nkgweb\/wp-content\/uploads\/Einladung_Geschichte-beleuchten25-1.pdf\">Hier<\/a> erhalten Sie die Einladung zur Ausstellung. Und <a href=\"https:\/\/nikolaus-kopernikus-gymnasium.de\/nkgweb\/wp-content\/uploads\/Freiheyt_Flyer_25-1.pdf\">hier<\/a> k\u00f6nnen Sie den Flyer zum Veranstaltungsprogramm f\u00fcr Freyheit 1525 einsehen.<\/p>\n\n\n\n<figure class=\"wp-block-image aligncenter size-full is-resized\"><img fetchpriority=\"high\" decoding=\"async\" width=\"693\" height=\"772\" src=\"https:\/\/nikolaus-kopernikus-gymnasium.de\/nkgweb\/wp-content\/uploads\/Screenshot-2025-05-07-164351-1.png\" alt=\"\" class=\"wp-image-6472\" style=\"width:426px;height:auto\" srcset=\"https:\/\/nikolaus-kopernikus-gymnasium.de\/nkgweb\/wp-content\/uploads\/Screenshot-2025-05-07-164351-1.png 693w, https:\/\/nikolaus-kopernikus-gymnasium.de\/nkgweb\/wp-content\/uploads\/Screenshot-2025-05-07-164351-1-269x300.png 269w\" sizes=\"(max-width: 693px) 100vw, 693px\" \/><\/figure>\n\n\n\n<div style=\"height:13px\" aria-hidden=\"true\" class=\"wp-block-spacer\"><\/div>\n\n\n\n<p class=\"has-text-align-right\"><em>Monika G\u00f6bel, Christian St\u00f6lzle<\/em><\/p>\n\n\n\n<div style=\"height:100px\" aria-hidden=\"true\" class=\"wp-block-spacer\"><\/div>\n\n\n\n<p><\/p>\n","protected":false},"excerpt":{"rendered":"<p>Die P-Seminare Technik und Geschichte laden Sie herzlich ein zusammen mit dem Heimatmuseum Wei\u00dfenhorn zur Ausstellungser\u00f6ffnung am Freitag, 27.06.2025, 19 Uhr in der Schranne. Die Sch\u00fclerinnen und Sch\u00fcler freuen sich auf Ihren Besuch an diesem besonderen Abend. Die Ausstellung k\u00f6nnen Sie dann vom 27.06. bis 04.07.2025 in der Schranne besuchen! \u00d6ffnungszeiten: an den Wochenenden und &hellip; <\/p>\n<p class=\"link-more\"><a href=\"https:\/\/nikolaus-kopernikus-gymnasium.de\/nkgweb\/index.php\/2025\/06\/21\/einladung-zur-ausstellungseroeffnung\/\" class=\"more-link\">Mehr <span class=\"screen-reader-text\">\u00fcber &#8222;P-Seminare Technik und Geschichte &#8211; Einladung zur Ausstellungser\u00f6ffnung&#8220; <\/span>Lesen<\/a><\/p>\n","protected":false},"author":6,"featured_media":6481,"comment_status":"closed","ping_status":"closed","sticky":false,"template":"","format":"standard","meta":{"footnotes":""},"categories":[1],"tags":[],"class_list":["post-6461","post","type-post","status-publish","format-standard","has-post-thumbnail","hentry","category-allgemein"],"_links":{"self":[{"href":"https:\/\/nikolaus-kopernikus-gymnasium.de\/nkgweb\/index.php\/wp-json\/wp\/v2\/posts\/6461","targetHints":{"allow":["GET"]}}],"collection":[{"href":"https:\/\/nikolaus-kopernikus-gymnasium.de\/nkgweb\/index.php\/wp-json\/wp\/v2\/posts"}],"about":[{"href":"https:\/\/nikolaus-kopernikus-gymnasium.de\/nkgweb\/index.php\/wp-json\/wp\/v2\/types\/post"}],"author":[{"embeddable":true,"href":"https:\/\/nikolaus-kopernikus-gymnasium.de\/nkgweb\/index.php\/wp-json\/wp\/v2\/users\/6"}],"replies":[{"embeddable":true,"href":"https:\/\/nikolaus-kopernikus-gymnasium.de\/nkgweb\/index.php\/wp-json\/wp\/v2\/comments?post=6461"}],"version-history":[{"count":5,"href":"https:\/\/nikolaus-kopernikus-gymnasium.de\/nkgweb\/index.php\/wp-json\/wp\/v2\/posts\/6461\/revisions"}],"predecessor-version":[{"id":6482,"href":"https:\/\/nikolaus-kopernikus-gymnasium.de\/nkgweb\/index.php\/wp-json\/wp\/v2\/posts\/6461\/revisions\/6482"}],"wp:featuredmedia":[{"embeddable":true,"href":"https:\/\/nikolaus-kopernikus-gymnasium.de\/nkgweb\/index.php\/wp-json\/wp\/v2\/media\/6481"}],"wp:attachment":[{"href":"https:\/\/nikolaus-kopernikus-gymnasium.de\/nkgweb\/index.php\/wp-json\/wp\/v2\/media?parent=6461"}],"wp:term":[{"taxonomy":"category","embeddable":true,"href":"https:\/\/nikolaus-kopernikus-gymnasium.de\/nkgweb\/index.php\/wp-json\/wp\/v2\/categories?post=6461"},{"taxonomy":"post_tag","embeddable":true,"href":"https:\/\/nikolaus-kopernikus-gymnasium.de\/nkgweb\/index.php\/wp-json\/wp\/v2\/tags?post=6461"}],"curies":[{"name":"wp","href":"https:\/\/api.w.org\/{rel}","templated":true}]}}