{"id":6362,"date":"2025-05-30T10:45:53","date_gmt":"2025-05-30T09:45:53","guid":{"rendered":"https:\/\/nikolaus-kopernikus-gymnasium.de\/nkgweb\/?p=6362"},"modified":"2025-07-13T10:24:19","modified_gmt":"2025-07-13T09:24:19","slug":"carmina-burana-ein-musikalisches-erlebnis","status":"publish","type":"post","link":"https:\/\/nikolaus-kopernikus-gymnasium.de\/nkgweb\/index.php\/2025\/05\/30\/carmina-burana-ein-musikalisches-erlebnis\/","title":{"rendered":"Carmina Burana \u2013 ein musikalisches Erlebnis"},"content":{"rendered":"\n<figure class=\"wp-block-image size-large\"><img fetchpriority=\"high\" decoding=\"async\" width=\"1024\" height=\"798\" src=\"https:\/\/nikolaus-kopernikus-gymnasium.de\/nkgweb\/wp-content\/uploads\/Carmina-1-1024x798.jpg\" alt=\"\" class=\"wp-image-6532\" srcset=\"https:\/\/nikolaus-kopernikus-gymnasium.de\/nkgweb\/wp-content\/uploads\/Carmina-1-1024x798.jpg 1024w, https:\/\/nikolaus-kopernikus-gymnasium.de\/nkgweb\/wp-content\/uploads\/Carmina-1-300x234.jpg 300w, https:\/\/nikolaus-kopernikus-gymnasium.de\/nkgweb\/wp-content\/uploads\/Carmina-1-2000x1559.jpg 2000w\" sizes=\"(max-width: 1024px) 100vw, 1024px\" \/><\/figure>\n\n\n\n<p>Das NKG, das Gymnasium bei St.Stephan in Augsburg und die Stadt Wei\u00dfenhorn pr\u00e4sentieren:<\/p>\n\n\n\n<p>Wenn sich das Schicksalsrad dreht, epische Harmonien und fesselnde Rhythmen erklingen, darf man sich auf ein weltber\u00fchmtes, zeitloses Werk freuen: Carmina Burana. Erleben Sie Orffs Meisterwerk live, gespielt und gesungen von Orchestern und Ch\u00f6ren des Nikolaus-Kopernikus-Gymnasiums Wei\u00dfenhorn und dem Gymnasium bei St. Stephan in Augsburg.<\/p>\n\n\n\n<p>Termine:&nbsp;&nbsp;&nbsp;&nbsp; 4. Juli 2025, 20.00 Uhr, Aula der RWS, Alter Postweg 86A, Augsburg<\/p>\n\n\n\n<p>&nbsp;&nbsp;&nbsp;&nbsp;&nbsp;&nbsp;&nbsp;&nbsp;&nbsp;&nbsp;&nbsp;&nbsp;&nbsp;&nbsp;&nbsp;&nbsp;&nbsp;&nbsp;&nbsp; 5. Juli 2025, 20.00 Uhr, Fuggerhalle, Rue de Villecresnes 2, Wei\u00dfenhorn<\/p>\n\n\n\n<p>Ein gro\u00dfes Sinfonieorchester, bestehend aus Sch\u00fclerinnen und Sch\u00fclern beider Schulen, bildet zusammen mit einem Chor, der sowohl die Schulch\u00f6re als auch S\u00e4ngerinnen und S\u00e4nger eines Projektchores vereint, ein einzigartiges Ensemble von ca. 270 Musikerinnen und Musikern. Erg\u00e4nzt wird das Ensemble von drei Solisten: der Sopranistin Victoria Wohlfarth, dem Tenor Girard Rhoden und dem Bariton G\u00fcnter Papendell. Unter der Leitung von Dr. Ulrich Graba in Augsburg und Tobias Keck in Wei\u00dfenhorn wird Orffs Werk zum Leben erweckt. Es erwarten Sie allerdings nicht nur musikalische H\u00f6hepunkte, sondern auch eigens von Sch\u00fclerinnen und Sch\u00fclern zu den St\u00fccken gestaltete Bilder.<\/p>\n\n\n\n<p>Die Eintrittskarten f\u00fcr Wei\u00dfenhorn sind ab dem 03.06.2025 \u00fcber das Sekretariat und Eintrittskarten f\u00fcr Augsburg sind online erh\u00e4ltlich. Wir freuen uns auf Sie!<\/p>\n\n\n\n<figure class=\"wp-block-image size-large\"><img decoding=\"async\" width=\"1024\" height=\"724\" src=\"https:\/\/nikolaus-kopernikus-gymnasium.de\/nkgweb\/wp-content\/uploads\/Logos-fuer-Homepage-1024x724.jpg\" alt=\"\" class=\"wp-image-6454\" srcset=\"https:\/\/nikolaus-kopernikus-gymnasium.de\/nkgweb\/wp-content\/uploads\/Logos-fuer-Homepage-1024x724.jpg 1024w, https:\/\/nikolaus-kopernikus-gymnasium.de\/nkgweb\/wp-content\/uploads\/Logos-fuer-Homepage-300x212.jpg 300w, https:\/\/nikolaus-kopernikus-gymnasium.de\/nkgweb\/wp-content\/uploads\/Logos-fuer-Homepage.jpg 1754w\" sizes=\"(max-width: 1024px) 100vw, 1024px\" \/><\/figure>\n\n\n\n<p><\/p>\n","protected":false},"excerpt":{"rendered":"<p>Das NKG, das Gymnasium bei St.Stephan in Augsburg und die Stadt Wei\u00dfenhorn pr\u00e4sentieren: Wenn sich das Schicksalsrad dreht, epische Harmonien und fesselnde Rhythmen erklingen, darf man sich auf ein weltber\u00fchmtes, zeitloses Werk freuen: Carmina Burana. Erleben Sie Orffs Meisterwerk live, gespielt und gesungen von Orchestern und Ch\u00f6ren des Nikolaus-Kopernikus-Gymnasiums Wei\u00dfenhorn und dem Gymnasium bei St. &hellip; <\/p>\n<p class=\"link-more\"><a href=\"https:\/\/nikolaus-kopernikus-gymnasium.de\/nkgweb\/index.php\/2025\/05\/30\/carmina-burana-ein-musikalisches-erlebnis\/\" class=\"more-link\">Mehr <span class=\"screen-reader-text\">\u00fcber &#8222;Carmina Burana \u2013 ein musikalisches Erlebnis&#8220; <\/span>Lesen<\/a><\/p>\n","protected":false},"author":3,"featured_media":6532,"comment_status":"closed","ping_status":"closed","sticky":false,"template":"","format":"standard","meta":{"footnotes":""},"categories":[1],"tags":[],"class_list":["post-6362","post","type-post","status-publish","format-standard","has-post-thumbnail","hentry","category-allgemein"],"_links":{"self":[{"href":"https:\/\/nikolaus-kopernikus-gymnasium.de\/nkgweb\/index.php\/wp-json\/wp\/v2\/posts\/6362","targetHints":{"allow":["GET"]}}],"collection":[{"href":"https:\/\/nikolaus-kopernikus-gymnasium.de\/nkgweb\/index.php\/wp-json\/wp\/v2\/posts"}],"about":[{"href":"https:\/\/nikolaus-kopernikus-gymnasium.de\/nkgweb\/index.php\/wp-json\/wp\/v2\/types\/post"}],"author":[{"embeddable":true,"href":"https:\/\/nikolaus-kopernikus-gymnasium.de\/nkgweb\/index.php\/wp-json\/wp\/v2\/users\/3"}],"replies":[{"embeddable":true,"href":"https:\/\/nikolaus-kopernikus-gymnasium.de\/nkgweb\/index.php\/wp-json\/wp\/v2\/comments?post=6362"}],"version-history":[{"count":4,"href":"https:\/\/nikolaus-kopernikus-gymnasium.de\/nkgweb\/index.php\/wp-json\/wp\/v2\/posts\/6362\/revisions"}],"predecessor-version":[{"id":6534,"href":"https:\/\/nikolaus-kopernikus-gymnasium.de\/nkgweb\/index.php\/wp-json\/wp\/v2\/posts\/6362\/revisions\/6534"}],"wp:featuredmedia":[{"embeddable":true,"href":"https:\/\/nikolaus-kopernikus-gymnasium.de\/nkgweb\/index.php\/wp-json\/wp\/v2\/media\/6532"}],"wp:attachment":[{"href":"https:\/\/nikolaus-kopernikus-gymnasium.de\/nkgweb\/index.php\/wp-json\/wp\/v2\/media?parent=6362"}],"wp:term":[{"taxonomy":"category","embeddable":true,"href":"https:\/\/nikolaus-kopernikus-gymnasium.de\/nkgweb\/index.php\/wp-json\/wp\/v2\/categories?post=6362"},{"taxonomy":"post_tag","embeddable":true,"href":"https:\/\/nikolaus-kopernikus-gymnasium.de\/nkgweb\/index.php\/wp-json\/wp\/v2\/tags?post=6362"}],"curies":[{"name":"wp","href":"https:\/\/api.w.org\/{rel}","templated":true}]}}