{"id":6353,"date":"2025-05-30T10:44:06","date_gmt":"2025-05-30T09:44:06","guid":{"rendered":"https:\/\/nikolaus-kopernikus-gymnasium.de\/nkgweb\/?p=6353"},"modified":"2025-05-30T10:44:06","modified_gmt":"2025-05-30T09:44:06","slug":"abschlusskonzert-des-begabungsstuetzpunktes-kammermusik-2","status":"publish","type":"post","link":"https:\/\/nikolaus-kopernikus-gymnasium.de\/nkgweb\/index.php\/2025\/05\/30\/abschlusskonzert-des-begabungsstuetzpunktes-kammermusik-2\/","title":{"rendered":"Abschlusskonzert des Begabungsst\u00fctzpunktes Kammermusik"},"content":{"rendered":"\n<p>Ein Schuljahr intensiver Proben, musikalischer Begegnungen und k\u00fcnstlerischer Entwicklung fand am 25. Mai seinen kr\u00f6nenden Abschluss: In der Aula des Nikolaus-Kopernikus-Gymnasiums pr\u00e4sentierten junge Musikerinnen und Musiker aus vier Schulen der Region die Ergebnisse ihrer Arbeit im Begabungsst\u00fctzpunkt Kammermusik.<\/p>\n\n\n\n<p>Unterst\u00fctzt von erfahrenen Dozentinnen und Dozenten des Philharmonischen Orchesters der Stadt Ulm hatten die Sch\u00fclerinnen und Sch\u00fcler im Laufe des Jahres ein anspruchsvolles Programm erarbeitet und bewiesen beim Abschlusskonzert eindrucksvoll ihr musikalisches Talent. Ob klassische Werke in kleiner Besetzung oder moderne Arrangements: Die Vielfalt der dargebotenen St\u00fccke spiegelte die kreative Energie und das Engagement der Teilnehmenden wider.<\/p>\n\n\n\n<figure class=\"wp-block-gallery has-nested-images columns-default is-cropped wp-block-gallery-1 is-layout-flex wp-block-gallery-is-layout-flex\">\n<figure class=\"wp-block-image size-large\"><img fetchpriority=\"high\" decoding=\"async\" width=\"1024\" height=\"683\" data-id=\"6354\" src=\"https:\/\/nikolaus-kopernikus-gymnasium.de\/nkgweb\/wp-content\/uploads\/Bach-1024x683.jpg\" alt=\"\" class=\"wp-image-6354\" srcset=\"https:\/\/nikolaus-kopernikus-gymnasium.de\/nkgweb\/wp-content\/uploads\/Bach-1024x683.jpg 1024w, https:\/\/nikolaus-kopernikus-gymnasium.de\/nkgweb\/wp-content\/uploads\/Bach-300x200.jpg 300w, https:\/\/nikolaus-kopernikus-gymnasium.de\/nkgweb\/wp-content\/uploads\/Bach-2000x1333.jpg 2000w\" sizes=\"(max-width: 1024px) 100vw, 1024px\" \/><\/figure>\n\n\n\n<figure class=\"wp-block-image size-large\"><img decoding=\"async\" width=\"1024\" height=\"683\" data-id=\"6355\" src=\"https:\/\/nikolaus-kopernikus-gymnasium.de\/nkgweb\/wp-content\/uploads\/Horn_Trompete-1024x683.jpg\" alt=\"\" class=\"wp-image-6355\" srcset=\"https:\/\/nikolaus-kopernikus-gymnasium.de\/nkgweb\/wp-content\/uploads\/Horn_Trompete-1024x683.jpg 1024w, https:\/\/nikolaus-kopernikus-gymnasium.de\/nkgweb\/wp-content\/uploads\/Horn_Trompete-300x200.jpg 300w, https:\/\/nikolaus-kopernikus-gymnasium.de\/nkgweb\/wp-content\/uploads\/Horn_Trompete-2000x1333.jpg 2000w\" sizes=\"(max-width: 1024px) 100vw, 1024px\" \/><\/figure>\n\n\n\n\n\n<figure class=\"wp-block-image size-large\"><img decoding=\"async\" width=\"1024\" height=\"683\" data-id=\"6356\" src=\"https:\/\/nikolaus-kopernikus-gymnasium.de\/nkgweb\/wp-content\/uploads\/Mozart2-1024x683.jpg\" alt=\"\" class=\"wp-image-6356\" srcset=\"https:\/\/nikolaus-kopernikus-gymnasium.de\/nkgweb\/wp-content\/uploads\/Mozart2-1024x683.jpg 1024w, https:\/\/nikolaus-kopernikus-gymnasium.de\/nkgweb\/wp-content\/uploads\/Mozart2-300x200.jpg 300w, https:\/\/nikolaus-kopernikus-gymnasium.de\/nkgweb\/wp-content\/uploads\/Mozart2-2000x1333.jpg 2000w\" sizes=\"(max-width: 1024px) 100vw, 1024px\" \/><\/figure>\n\n\n\n<figure class=\"wp-block-image size-large\"><img loading=\"lazy\" decoding=\"async\" width=\"1024\" height=\"683\" data-id=\"6358\" src=\"https:\/\/nikolaus-kopernikus-gymnasium.de\/nkgweb\/wp-content\/uploads\/Saxofone-1024x683.jpg\" alt=\"\" class=\"wp-image-6358\" srcset=\"https:\/\/nikolaus-kopernikus-gymnasium.de\/nkgweb\/wp-content\/uploads\/Saxofone-1024x683.jpg 1024w, https:\/\/nikolaus-kopernikus-gymnasium.de\/nkgweb\/wp-content\/uploads\/Saxofone-300x200.jpg 300w, https:\/\/nikolaus-kopernikus-gymnasium.de\/nkgweb\/wp-content\/uploads\/Saxofone-2000x1333.jpg 2000w\" sizes=\"(max-width: 1024px) 100vw, 1024px\" \/><\/figure>\n\n\n\n<figure class=\"wp-block-image size-large\"><img loading=\"lazy\" decoding=\"async\" width=\"1024\" height=\"683\" data-id=\"6359\" src=\"https:\/\/nikolaus-kopernikus-gymnasium.de\/nkgweb\/wp-content\/uploads\/Streichquartett-2-1024x683.jpg\" alt=\"\" class=\"wp-image-6359\" srcset=\"https:\/\/nikolaus-kopernikus-gymnasium.de\/nkgweb\/wp-content\/uploads\/Streichquartett-2-1024x683.jpg 1024w, https:\/\/nikolaus-kopernikus-gymnasium.de\/nkgweb\/wp-content\/uploads\/Streichquartett-2-300x200.jpg 300w, https:\/\/nikolaus-kopernikus-gymnasium.de\/nkgweb\/wp-content\/uploads\/Streichquartett-2-2000x1333.jpg 2000w\" sizes=\"(max-width: 1024px) 100vw, 1024px\" \/><\/figure>\n\n\n\n<figure class=\"wp-block-image size-large\"><img loading=\"lazy\" decoding=\"async\" width=\"1024\" height=\"683\" data-id=\"6357\" src=\"https:\/\/nikolaus-kopernikus-gymnasium.de\/nkgweb\/wp-content\/uploads\/Telemann-1024x683.jpg\" alt=\"\" class=\"wp-image-6357\" srcset=\"https:\/\/nikolaus-kopernikus-gymnasium.de\/nkgweb\/wp-content\/uploads\/Telemann-1024x683.jpg 1024w, https:\/\/nikolaus-kopernikus-gymnasium.de\/nkgweb\/wp-content\/uploads\/Telemann-300x200.jpg 300w, https:\/\/nikolaus-kopernikus-gymnasium.de\/nkgweb\/wp-content\/uploads\/Telemann-2000x1333.jpg 2000w\" sizes=\"(max-width: 1024px) 100vw, 1024px\" \/><\/figure>\n<\/figure>\n\n\n\n<p>Nach dem offiziellen Teil lud ein buntes Buffet mit selbstmitgebrachtem Fingerfood und Getr\u00e4nken zum geselligen Ausklang ein. Eltern, Freunde und Lehrkr\u00e4fte nutzten die Gelegenheit, miteinander ins Gespr\u00e4ch zu kommen und die gemeinsamen Erlebnisse Revue passieren zu lassen.<\/p>\n\n\n\n<p>Auch in diesem Jahr erwies sich der Begabungsst\u00fctzpunkt Kammermusik als ein Erfolgsmodell: Er bietet nicht nur musikalische F\u00f6rderung auf hohem Niveau, sondern schafft auch einen inspirierenden Raum f\u00fcr Austausch und Zusammenarbeit \u2013 \u00fcber Schulgrenzen hinweg.<\/p>\n\n\n\n<p>Text: Tobias Keck<\/p>\n\n\n\n<p>Fotos: J\u00f6rn Struck<\/p>\n","protected":false},"excerpt":{"rendered":"<p>Ein Schuljahr intensiver Proben, musikalischer Begegnungen und k\u00fcnstlerischer Entwicklung fand am 25. Mai seinen kr\u00f6nenden Abschluss: In der Aula des Nikolaus-Kopernikus-Gymnasiums pr\u00e4sentierten junge Musikerinnen und Musiker aus vier Schulen der Region die Ergebnisse ihrer Arbeit im Begabungsst\u00fctzpunkt Kammermusik. Unterst\u00fctzt von erfahrenen Dozentinnen und Dozenten des Philharmonischen Orchesters der Stadt Ulm hatten die Sch\u00fclerinnen und Sch\u00fcler &hellip; <\/p>\n<p class=\"link-more\"><a href=\"https:\/\/nikolaus-kopernikus-gymnasium.de\/nkgweb\/index.php\/2025\/05\/30\/abschlusskonzert-des-begabungsstuetzpunktes-kammermusik-2\/\" class=\"more-link\">Mehr <span class=\"screen-reader-text\">\u00fcber &#8222;Abschlusskonzert des Begabungsst\u00fctzpunktes Kammermusik&#8220; <\/span>Lesen<\/a><\/p>\n","protected":false},"author":3,"featured_media":6360,"comment_status":"closed","ping_status":"closed","sticky":false,"template":"","format":"standard","meta":{"footnotes":""},"categories":[1],"tags":[],"class_list":["post-6353","post","type-post","status-publish","format-standard","has-post-thumbnail","hentry","category-allgemein"],"_links":{"self":[{"href":"https:\/\/nikolaus-kopernikus-gymnasium.de\/nkgweb\/index.php\/wp-json\/wp\/v2\/posts\/6353","targetHints":{"allow":["GET"]}}],"collection":[{"href":"https:\/\/nikolaus-kopernikus-gymnasium.de\/nkgweb\/index.php\/wp-json\/wp\/v2\/posts"}],"about":[{"href":"https:\/\/nikolaus-kopernikus-gymnasium.de\/nkgweb\/index.php\/wp-json\/wp\/v2\/types\/post"}],"author":[{"embeddable":true,"href":"https:\/\/nikolaus-kopernikus-gymnasium.de\/nkgweb\/index.php\/wp-json\/wp\/v2\/users\/3"}],"replies":[{"embeddable":true,"href":"https:\/\/nikolaus-kopernikus-gymnasium.de\/nkgweb\/index.php\/wp-json\/wp\/v2\/comments?post=6353"}],"version-history":[{"count":1,"href":"https:\/\/nikolaus-kopernikus-gymnasium.de\/nkgweb\/index.php\/wp-json\/wp\/v2\/posts\/6353\/revisions"}],"predecessor-version":[{"id":6361,"href":"https:\/\/nikolaus-kopernikus-gymnasium.de\/nkgweb\/index.php\/wp-json\/wp\/v2\/posts\/6353\/revisions\/6361"}],"wp:featuredmedia":[{"embeddable":true,"href":"https:\/\/nikolaus-kopernikus-gymnasium.de\/nkgweb\/index.php\/wp-json\/wp\/v2\/media\/6360"}],"wp:attachment":[{"href":"https:\/\/nikolaus-kopernikus-gymnasium.de\/nkgweb\/index.php\/wp-json\/wp\/v2\/media?parent=6353"}],"wp:term":[{"taxonomy":"category","embeddable":true,"href":"https:\/\/nikolaus-kopernikus-gymnasium.de\/nkgweb\/index.php\/wp-json\/wp\/v2\/categories?post=6353"},{"taxonomy":"post_tag","embeddable":true,"href":"https:\/\/nikolaus-kopernikus-gymnasium.de\/nkgweb\/index.php\/wp-json\/wp\/v2\/tags?post=6353"}],"curies":[{"name":"wp","href":"https:\/\/api.w.org\/{rel}","templated":true}]}}