{"id":6343,"date":"2025-05-28T11:20:38","date_gmt":"2025-05-28T10:20:38","guid":{"rendered":"https:\/\/nikolaus-kopernikus-gymnasium.de\/nkgweb\/?p=6343"},"modified":"2025-05-29T11:26:01","modified_gmt":"2025-05-29T10:26:01","slug":"schueleraustausch-jihlava-weissenhorn","status":"publish","type":"post","link":"https:\/\/nikolaus-kopernikus-gymnasium.de\/nkgweb\/index.php\/2025\/05\/28\/schueleraustausch-jihlava-weissenhorn\/","title":{"rendered":"Sch\u00fcleraustausch Jihlava &#8211; Wei\u00dfenhorn"},"content":{"rendered":"\n<p>Die Fahrt der 10B begann am Sonntag, 11.05.25 nicht ganz wie geplant. Vor Ort erfuhren wir, dass alle Z\u00fcge von Ulm nach M\u00fcnchen aufgrund einer Streckensperrung ausfielen. Nur dank einiger Eltern, die trotz Muttertag ihre Kinder und Freunde nach M\u00fcnchen fuhren, konnten wir unsere Reise fortsetzen. Von dort lief die Fahrt-abgesehen von einem Waggonwechsel und ein wenig Versp\u00e4tung im Anschlusszug, weshalb wir eine kurze Sporteinlage machen mussten, um unseren letzten Zug zu bekommen &#8211; recht ereignislos. Schlussendlich kamen wir dann um ca. 21:30 in Jihlava an, wo wir bereits von unseren Austauschpartnern erwartet wurden. <\/p>\n\n\n\n<p>Am Montag standen wir trotz der sp\u00e4ten Ankunft um 8 Uhr in der Partnerschule. Dort bekamen wir zun\u00e4chst eine F\u00fchrung durch das Geb\u00e4ude und im Anschluss einen kleinen Einblick in die Robotik oder den 3D Druck. Nach der Mittagspause wurden uns einige der bedeutendsten Sehensw\u00fcrdigkeiten von Jihlava gezeigt. Den Nachmittag lie\u00dfen wir bei einem gemeinsamen Picknick im Park nahe der Schule ausklingen. F\u00fcr viele war der Tag damit aber noch nicht zu Ende \u2013 ein Besuch im Zoo von Jihlava durfte nat\u00fcrlich nicht fehlen. <\/p>\n\n\n\n<p>Dienstag war unser Projekttag. Am Vormittag besuchten wir in sprachgetrennten Gruppen die Firma ZALL JIHLAVAN AIRPLAINES, welche ultraleichte Flugzeuge herstellen und wartet. Direkt im Anschluss besichtigten wir das Unternehmen Enviropol, das sich auf das Recycling von Elektroschrott spezialisiert hat. Aktuell werden in dem einzigen solchen Unternehmen in Mitteleuropa etwa 150 Tonnen pro Tag verarbeitet -rund 60 Tonnen mehr als noch bei der Gr\u00fcndung vor zw\u00f6lf Jahren. Nach dem Mittagessen in der Schulkantine arbeiteten wir an unseren Pr\u00e4sentationen weiter, die wir bereits vor einigen Wochen in Deutschland begonnen hatten. <\/p>\n\n\n\n<p>Am Mittwoch trafen wir uns bereits um 7:50 zur zweist\u00fcndige Fahrt nach Prag. Der Ausflug hat sich auf jeden Fall gelohnt. Bei einer etwa dreist\u00fcndigen F\u00fchrung mit unseren Austauschpartnern sahen wir unter anderem die ber\u00fchmte Prager Rathausuhr, \u00fcberquerten die Karlsbr\u00fccke und erlebten sogar eine Wachabl\u00f6sung vor dem Sitz des Pr\u00e4sidenten. Nach der Tour hatten wir ausreichend Freizeit, die wir in Kleingruppen je nach unseren Interessen gestalteten. Zw\u00f6lf Stunden sp\u00e4ter waren wir wieder an unserem Startpunkt in Jihlava. <\/p>\n\n\n\n<p>Der Donnerstag war der entspannteste Tag der Woche. Es stand lediglich der Vortrag bzw. das Aufnehmen unserer Pr\u00e4sentationen f\u00fcr den Deutsch-tschechischen Zukunftsfonds auf dem Programm. Nach dem Mittagessen war der \u201eoffizielle\u201cTeil des Tages beendet \u2013 doch f\u00fcr uns ging es weiter: Nach einer kurzen Pause trafen wir uns erneut, um gemeinsam (und gegeneinander) mehrere Runden Lasertag zu spielen.<\/p>\n\n\n\n<p>Den letzten Tag unserer Tschechienfahrt verbrachten wir in Kutn\u00e1 Hora. Nachdem wir dort zun\u00e4chst Zeit zur freien Verf\u00fcgung hatten und die Stadt auf eigene Faust erkunden konnte, nahmen wir an einer F\u00fchrung durch das B\u00f6hmische Silbermuseum teil. Dabei erfuhren wir nicht nur Interessantes \u00fcber die M\u00fcnzpr\u00e4gung und die Arbeit der damaligen Bergleute, sondern durften auch einen der historischen Stollen besichtigen. Zum Gl\u00fcck litt niemand unter Platzangst, denn an machen Stellen war der Gang nur 122 cm hoch oder gerade einmal 40 cm breit \u2013 und das \u00fcber mehrere Meter. Bevor wir nach Jihlava zur\u00fcckfuhren, legten wir noch einen Zwischenstopp am ber\u00fchmten Beinhaus Sedlec ein.<\/p>\n\n\n\n<p>Am Samstag traten wir schlie\u00dflich die Heimreise an. Auch wenn die Woche voller spannender, lehrreicher, und unvergesslicher Erlebnisse war, waren viele von uns froh, nach den intensiven Tagen wieder nach Hause zu kommen.<\/p>\n\n\n\n<p>Unser Austauschprogramm wurde unterst\u00fctzt von dem F\u00f6rderverein Gymnasium Jihlava und den Freunden des Gymnasium Wei\u00dfenhorn, dem Landratsamt Neu-Ulm und vor allem dem deutsch-tschechischen Zukunftsfond.<\/p>\n\n\n\n<div class=\"wp-block-columns is-layout-flex wp-container-core-columns-is-layout-28f84493 wp-block-columns-is-layout-flex\">\n<div class=\"wp-block-column is-layout-flow wp-block-column-is-layout-flow\">\n<figure class=\"wp-block-image size-full\"><img decoding=\"async\" src=\"https:\/\/nikolaus-kopernikus-gymnasium.de\/nkgweb\/wp-content\/uploads\/01_1000043166.jpg\" alt=\"\" class=\"wp-image-6344\"\/><\/figure>\n<\/div>\n\n\n\n<div class=\"wp-block-column is-layout-flow wp-block-column-is-layout-flow\">\n<figure class=\"wp-block-image size-full\"><img fetchpriority=\"high\" decoding=\"async\" width=\"800\" height=\"600\" src=\"https:\/\/nikolaus-kopernikus-gymnasium.de\/nkgweb\/wp-content\/uploads\/02_1000043066.jpg\" alt=\"\" class=\"wp-image-6345\" srcset=\"https:\/\/nikolaus-kopernikus-gymnasium.de\/nkgweb\/wp-content\/uploads\/02_1000043066.jpg 800w, https:\/\/nikolaus-kopernikus-gymnasium.de\/nkgweb\/wp-content\/uploads\/02_1000043066-300x225.jpg 300w\" sizes=\"(max-width: 800px) 100vw, 800px\" \/><\/figure>\n<\/div>\n<\/div>\n\n\n\n<div style=\"height:16px\" aria-hidden=\"true\" class=\"wp-block-spacer\"><\/div>\n\n\n\n<p class=\"has-text-align-right\"><em>Saloma Reh, 10B<\/em><\/p>\n\n\n\n<div style=\"height:139px\" aria-hidden=\"true\" class=\"wp-block-spacer\"><\/div>\n\n\n\n<p><\/p>\n","protected":false},"excerpt":{"rendered":"<p>Die Fahrt der 10B begann am Sonntag, 11.05.25 nicht ganz wie geplant. Vor Ort erfuhren wir, dass alle Z\u00fcge von Ulm nach M\u00fcnchen aufgrund einer Streckensperrung ausfielen. Nur dank einiger Eltern, die trotz Muttertag ihre Kinder und Freunde nach M\u00fcnchen fuhren, konnten wir unsere Reise fortsetzen. Von dort lief die Fahrt-abgesehen von einem Waggonwechsel und &hellip; <\/p>\n<p class=\"link-more\"><a href=\"https:\/\/nikolaus-kopernikus-gymnasium.de\/nkgweb\/index.php\/2025\/05\/28\/schueleraustausch-jihlava-weissenhorn\/\" class=\"more-link\">Mehr <span class=\"screen-reader-text\">\u00fcber &#8222;Sch\u00fcleraustausch Jihlava &#8211; Wei\u00dfenhorn&#8220; <\/span>Lesen<\/a><\/p>\n","protected":false},"author":6,"featured_media":6344,"comment_status":"closed","ping_status":"closed","sticky":false,"template":"","format":"standard","meta":{"footnotes":""},"categories":[1],"tags":[],"class_list":["post-6343","post","type-post","status-publish","format-standard","has-post-thumbnail","hentry","category-allgemein"],"_links":{"self":[{"href":"https:\/\/nikolaus-kopernikus-gymnasium.de\/nkgweb\/index.php\/wp-json\/wp\/v2\/posts\/6343","targetHints":{"allow":["GET"]}}],"collection":[{"href":"https:\/\/nikolaus-kopernikus-gymnasium.de\/nkgweb\/index.php\/wp-json\/wp\/v2\/posts"}],"about":[{"href":"https:\/\/nikolaus-kopernikus-gymnasium.de\/nkgweb\/index.php\/wp-json\/wp\/v2\/types\/post"}],"author":[{"embeddable":true,"href":"https:\/\/nikolaus-kopernikus-gymnasium.de\/nkgweb\/index.php\/wp-json\/wp\/v2\/users\/6"}],"replies":[{"embeddable":true,"href":"https:\/\/nikolaus-kopernikus-gymnasium.de\/nkgweb\/index.php\/wp-json\/wp\/v2\/comments?post=6343"}],"version-history":[{"count":5,"href":"https:\/\/nikolaus-kopernikus-gymnasium.de\/nkgweb\/index.php\/wp-json\/wp\/v2\/posts\/6343\/revisions"}],"predecessor-version":[{"id":6350,"href":"https:\/\/nikolaus-kopernikus-gymnasium.de\/nkgweb\/index.php\/wp-json\/wp\/v2\/posts\/6343\/revisions\/6350"}],"wp:featuredmedia":[{"embeddable":true,"href":"https:\/\/nikolaus-kopernikus-gymnasium.de\/nkgweb\/index.php\/wp-json\/wp\/v2\/media\/6344"}],"wp:attachment":[{"href":"https:\/\/nikolaus-kopernikus-gymnasium.de\/nkgweb\/index.php\/wp-json\/wp\/v2\/media?parent=6343"}],"wp:term":[{"taxonomy":"category","embeddable":true,"href":"https:\/\/nikolaus-kopernikus-gymnasium.de\/nkgweb\/index.php\/wp-json\/wp\/v2\/categories?post=6343"},{"taxonomy":"post_tag","embeddable":true,"href":"https:\/\/nikolaus-kopernikus-gymnasium.de\/nkgweb\/index.php\/wp-json\/wp\/v2\/tags?post=6343"}],"curies":[{"name":"wp","href":"https:\/\/api.w.org\/{rel}","templated":true}]}}