{"id":6289,"date":"2025-05-21T11:09:37","date_gmt":"2025-05-21T10:09:37","guid":{"rendered":"https:\/\/nikolaus-kopernikus-gymnasium.de\/nkgweb\/?p=6289"},"modified":"2025-05-21T11:09:37","modified_gmt":"2025-05-21T10:09:37","slug":"workshop-konzertplanung","status":"publish","type":"post","link":"https:\/\/nikolaus-kopernikus-gymnasium.de\/nkgweb\/index.php\/2025\/05\/21\/workshop-konzertplanung\/","title":{"rendered":"Workshop Konzertplanung"},"content":{"rendered":"\n<figure class=\"wp-block-image size-large\"><img fetchpriority=\"high\" decoding=\"async\" width=\"1024\" height=\"683\" src=\"https:\/\/nikolaus-kopernikus-gymnasium.de\/nkgweb\/wp-content\/uploads\/Coaching-BRSO-1024x683.jpg\" alt=\"\" class=\"wp-image-6290\" srcset=\"https:\/\/nikolaus-kopernikus-gymnasium.de\/nkgweb\/wp-content\/uploads\/Coaching-BRSO-1024x683.jpg 1024w, https:\/\/nikolaus-kopernikus-gymnasium.de\/nkgweb\/wp-content\/uploads\/Coaching-BRSO-300x200.jpg 300w, https:\/\/nikolaus-kopernikus-gymnasium.de\/nkgweb\/wp-content\/uploads\/Coaching-BRSO-2000x1333.jpg 2000w\" sizes=\"(max-width: 1024px) 100vw, 1024px\" \/><\/figure>\n\n\n\n<p>Am 12.05.2025 hatten wir, das Organisationsteam f\u00fcr das Carmina-Burana-Projekt, die M\u00f6glichkeit gemeinsam mit dem Team des Gymnasiums bei St. Stephan an einem Workshop zum Thema Projektmanagement teilzunehmen. Gemeinsam mit Herrn Keck fuhren wir nach Augsburg, wo wir vor Beginn des Coachings auch noch kurz Zeit hatten das Gymnasium bei St. Stephan in Augsburg zu erkunden. Um 16 Uhr begann dann unser Workshop mit Judith Schlosser, die f\u00fcr die k\u00fcnstlerische Planung beim Symphonieorchester des Bayerischen Rundfunks verantwortlich ist. Zuerst erz\u00e4hlte sie uns viel aus ihrem Berufsleben und von ihren bisherigen Konzertprojekten, was uns einen besonderen Einblick in das Berufsfeld Konzertplanung erm\u00f6glichte. Anschlie\u00dfend folgte eine kleine Gruppenarbeit, in der wir Ideen zu verschiedenen Themenbereichen (z.B Logistik, \u00d6ffentlichkeitsarbeit, Ablauf am Konzerttag, usw.) in Bezug auf unser Projekt sammelten. Nach diesem Brainstorming ging es dann an die eigentliche Aufgabenverteilung und an die Planung der Konzerte und des Probenwochenendes. Abschlie\u00dfend k\u00f6nnen wir sagen, dass wir viel dazugelernt haben. Wir bedanken uns herzlich bei Judith Schlosser f\u00fcr ihre Unterst\u00fctzung und bei Jeunesses Musicales Deutschland e. V. f\u00fcr die Vermittlung des Coachings.<\/p>\n\n\n\n<p>Sara Elena Piante Gonzalez<\/p>\n\n\n\n<p><\/p>\n","protected":false},"excerpt":{"rendered":"<p>Am 12.05.2025 hatten wir, das Organisationsteam f\u00fcr das Carmina-Burana-Projekt, die M\u00f6glichkeit gemeinsam mit dem Team des Gymnasiums bei St. Stephan an einem Workshop zum Thema Projektmanagement teilzunehmen. Gemeinsam mit Herrn Keck fuhren wir nach Augsburg, wo wir vor Beginn des Coachings auch noch kurz Zeit hatten das Gymnasium bei St. Stephan in Augsburg zu erkunden. &hellip; <\/p>\n<p class=\"link-more\"><a href=\"https:\/\/nikolaus-kopernikus-gymnasium.de\/nkgweb\/index.php\/2025\/05\/21\/workshop-konzertplanung\/\" class=\"more-link\">Mehr <span class=\"screen-reader-text\">\u00fcber &#8222;Workshop Konzertplanung&#8220; <\/span>Lesen<\/a><\/p>\n","protected":false},"author":3,"featured_media":6291,"comment_status":"closed","ping_status":"closed","sticky":false,"template":"","format":"standard","meta":{"footnotes":""},"categories":[1],"tags":[],"class_list":["post-6289","post","type-post","status-publish","format-standard","has-post-thumbnail","hentry","category-allgemein"],"_links":{"self":[{"href":"https:\/\/nikolaus-kopernikus-gymnasium.de\/nkgweb\/index.php\/wp-json\/wp\/v2\/posts\/6289","targetHints":{"allow":["GET"]}}],"collection":[{"href":"https:\/\/nikolaus-kopernikus-gymnasium.de\/nkgweb\/index.php\/wp-json\/wp\/v2\/posts"}],"about":[{"href":"https:\/\/nikolaus-kopernikus-gymnasium.de\/nkgweb\/index.php\/wp-json\/wp\/v2\/types\/post"}],"author":[{"embeddable":true,"href":"https:\/\/nikolaus-kopernikus-gymnasium.de\/nkgweb\/index.php\/wp-json\/wp\/v2\/users\/3"}],"replies":[{"embeddable":true,"href":"https:\/\/nikolaus-kopernikus-gymnasium.de\/nkgweb\/index.php\/wp-json\/wp\/v2\/comments?post=6289"}],"version-history":[{"count":1,"href":"https:\/\/nikolaus-kopernikus-gymnasium.de\/nkgweb\/index.php\/wp-json\/wp\/v2\/posts\/6289\/revisions"}],"predecessor-version":[{"id":6292,"href":"https:\/\/nikolaus-kopernikus-gymnasium.de\/nkgweb\/index.php\/wp-json\/wp\/v2\/posts\/6289\/revisions\/6292"}],"wp:featuredmedia":[{"embeddable":true,"href":"https:\/\/nikolaus-kopernikus-gymnasium.de\/nkgweb\/index.php\/wp-json\/wp\/v2\/media\/6291"}],"wp:attachment":[{"href":"https:\/\/nikolaus-kopernikus-gymnasium.de\/nkgweb\/index.php\/wp-json\/wp\/v2\/media?parent=6289"}],"wp:term":[{"taxonomy":"category","embeddable":true,"href":"https:\/\/nikolaus-kopernikus-gymnasium.de\/nkgweb\/index.php\/wp-json\/wp\/v2\/categories?post=6289"},{"taxonomy":"post_tag","embeddable":true,"href":"https:\/\/nikolaus-kopernikus-gymnasium.de\/nkgweb\/index.php\/wp-json\/wp\/v2\/tags?post=6289"}],"curies":[{"name":"wp","href":"https:\/\/api.w.org\/{rel}","templated":true}]}}