{"id":6260,"date":"2025-05-19T11:41:49","date_gmt":"2025-05-19T10:41:49","guid":{"rendered":"https:\/\/nikolaus-kopernikus-gymnasium.de\/nkgweb\/?p=6260"},"modified":"2025-05-19T11:42:38","modified_gmt":"2025-05-19T10:42:38","slug":"exkursion-der-neunten-klassen-zur-kz-gedenkstaette-dachau","status":"publish","type":"post","link":"https:\/\/nikolaus-kopernikus-gymnasium.de\/nkgweb\/index.php\/2025\/05\/19\/exkursion-der-neunten-klassen-zur-kz-gedenkstaette-dachau\/","title":{"rendered":"Exkursion der neunten Klassen zur KZ-Gedenkst\u00e4tte Dachau"},"content":{"rendered":"\n<p>Am 12. Mai 2025 unternahmen die Sch\u00fclerinnen und Sch\u00fcler der 9. Klassen des NKG eine Exkursion zur KZ-Gedenkst\u00e4tte Dachau. Ziel der Fahrt war es, sich intensiv mit der Geschichte des Nationalsozialismus auseinanderzusetzen und ein tieferes Verst\u00e4ndnis f\u00fcr die Verbrechen dieser Zeit zu entwickeln.<\/p>\n\n\n\n<p>Die Exkursion begann am Vormittag mit Workshops in Kleingruppen durch Referentinnen und Referenten im Max-Mannheimer-Studienzentrum. Am Nachmittag f\u00fchrten diese die Sch\u00fclerinnen und Sch\u00fcler \u00fcber das Gel\u00e4nde der Gedenkst\u00e4tte. Dabei wurden zentrale Orte wie das Lagertor, der Appellplatz, die rekonstruierten Baracken, das Krematorium sowie die Ausstellung besichtigt. Die F\u00fchrung vermittelte eindrucksvoll das Ausma\u00df des nationalsozialistischen Terrors und die menschenverachtenden Bedingungen, unter denen die H\u00e4ftlinge leben mussten. <\/p>\n\n\n\n<div class=\"wp-block-columns is-layout-flex wp-container-core-columns-is-layout-28f84493 wp-block-columns-is-layout-flex\">\n<div class=\"wp-block-column is-layout-flow wp-block-column-is-layout-flow\">\n<figure class=\"wp-block-image size-large\"><img fetchpriority=\"high\" decoding=\"async\" width=\"1024\" height=\"768\" src=\"https:\/\/nikolaus-kopernikus-gymnasium.de\/nkgweb\/wp-content\/uploads\/image-1-1024x768.jpg\" alt=\"\" class=\"wp-image-6261\" srcset=\"https:\/\/nikolaus-kopernikus-gymnasium.de\/nkgweb\/wp-content\/uploads\/image-1-1024x768.jpg 1024w, https:\/\/nikolaus-kopernikus-gymnasium.de\/nkgweb\/wp-content\/uploads\/image-1-300x225.jpg 300w, https:\/\/nikolaus-kopernikus-gymnasium.de\/nkgweb\/wp-content\/uploads\/image-1-2000x1500.jpg 2000w\" sizes=\"(max-width: 1024px) 100vw, 1024px\" \/><\/figure>\n<\/div>\n\n\n\n<div class=\"wp-block-column is-layout-flow wp-block-column-is-layout-flow\">\n<figure class=\"wp-block-image size-large\"><img decoding=\"async\" src=\"https:\/\/nikolaus-kopernikus-gymnasium.de\/nkgweb\/wp-content\/uploads\/IMG_20250512_140730-1024x768.jpg\" alt=\"\" class=\"wp-image-6262\"\/><\/figure>\n<\/div>\n<\/div>\n\n\n\n<div class=\"wp-block-columns is-layout-flex wp-container-core-columns-is-layout-28f84493 wp-block-columns-is-layout-flex\">\n<div class=\"wp-block-column is-layout-flow wp-block-column-is-layout-flow\">\n<figure class=\"wp-block-image size-large\"><img decoding=\"async\" width=\"1019\" height=\"1024\" src=\"https:\/\/nikolaus-kopernikus-gymnasium.de\/nkgweb\/wp-content\/uploads\/IMG_20250512_1337222-1-1019x1024.jpg\" alt=\"\" class=\"wp-image-6265\" srcset=\"https:\/\/nikolaus-kopernikus-gymnasium.de\/nkgweb\/wp-content\/uploads\/IMG_20250512_1337222-1-1019x1024.jpg 1019w, https:\/\/nikolaus-kopernikus-gymnasium.de\/nkgweb\/wp-content\/uploads\/IMG_20250512_1337222-1-300x300.jpg 300w, https:\/\/nikolaus-kopernikus-gymnasium.de\/nkgweb\/wp-content\/uploads\/IMG_20250512_1337222-1-150x150.jpg 150w, https:\/\/nikolaus-kopernikus-gymnasium.de\/nkgweb\/wp-content\/uploads\/IMG_20250512_1337222-1-2000x2009.jpg 2000w\" sizes=\"(max-width: 1019px) 100vw, 1019px\" \/><\/figure>\n<\/div>\n\n\n\n<div class=\"wp-block-column is-layout-flow wp-block-column-is-layout-flow\">\n<figure class=\"wp-block-image size-large\"><img decoding=\"async\" width=\"1024\" height=\"1024\" src=\"https:\/\/nikolaus-kopernikus-gymnasium.de\/nkgweb\/wp-content\/uploads\/IMG_20250512_134804_edit_1663829767938822-1-1024x1024.jpg\" alt=\"\" class=\"wp-image-6266\" srcset=\"https:\/\/nikolaus-kopernikus-gymnasium.de\/nkgweb\/wp-content\/uploads\/IMG_20250512_134804_edit_1663829767938822-1-1024x1024.jpg 1024w, https:\/\/nikolaus-kopernikus-gymnasium.de\/nkgweb\/wp-content\/uploads\/IMG_20250512_134804_edit_1663829767938822-1-300x300.jpg 300w, https:\/\/nikolaus-kopernikus-gymnasium.de\/nkgweb\/wp-content\/uploads\/IMG_20250512_134804_edit_1663829767938822-1-150x150.jpg 150w, https:\/\/nikolaus-kopernikus-gymnasium.de\/nkgweb\/wp-content\/uploads\/IMG_20250512_134804_edit_1663829767938822-1-2000x2001.jpg 2000w\" sizes=\"(max-width: 1024px) 100vw, 1024px\" \/><\/figure>\n<\/div>\n<\/div>\n\n\n\n<div style=\"height:30px\" aria-hidden=\"true\" class=\"wp-block-spacer\"><\/div>\n\n\n\n<p class=\"has-text-align-right\"><em>Ulrike Maier<\/em><\/p>\n\n\n\n<div style=\"height:100px\" aria-hidden=\"true\" class=\"wp-block-spacer\"><\/div>\n\n\n\n<p><\/p>\n","protected":false},"excerpt":{"rendered":"<p>Am 12. Mai 2025 unternahmen die Sch\u00fclerinnen und Sch\u00fcler der 9. Klassen des NKG eine Exkursion zur KZ-Gedenkst\u00e4tte Dachau. Ziel der Fahrt war es, sich intensiv mit der Geschichte des Nationalsozialismus auseinanderzusetzen und ein tieferes Verst\u00e4ndnis f\u00fcr die Verbrechen dieser Zeit zu entwickeln. Die Exkursion begann am Vormittag mit Workshops in Kleingruppen durch Referentinnen und &hellip; <\/p>\n<p class=\"link-more\"><a href=\"https:\/\/nikolaus-kopernikus-gymnasium.de\/nkgweb\/index.php\/2025\/05\/19\/exkursion-der-neunten-klassen-zur-kz-gedenkstaette-dachau\/\" class=\"more-link\">Mehr <span class=\"screen-reader-text\">\u00fcber &#8222;Exkursion der neunten Klassen zur KZ-Gedenkst\u00e4tte Dachau&#8220; <\/span>Lesen<\/a><\/p>\n","protected":false},"author":6,"featured_media":6262,"comment_status":"closed","ping_status":"closed","sticky":false,"template":"","format":"standard","meta":{"footnotes":""},"categories":[1],"tags":[],"class_list":["post-6260","post","type-post","status-publish","format-standard","has-post-thumbnail","hentry","category-allgemein"],"_links":{"self":[{"href":"https:\/\/nikolaus-kopernikus-gymnasium.de\/nkgweb\/index.php\/wp-json\/wp\/v2\/posts\/6260","targetHints":{"allow":["GET"]}}],"collection":[{"href":"https:\/\/nikolaus-kopernikus-gymnasium.de\/nkgweb\/index.php\/wp-json\/wp\/v2\/posts"}],"about":[{"href":"https:\/\/nikolaus-kopernikus-gymnasium.de\/nkgweb\/index.php\/wp-json\/wp\/v2\/types\/post"}],"author":[{"embeddable":true,"href":"https:\/\/nikolaus-kopernikus-gymnasium.de\/nkgweb\/index.php\/wp-json\/wp\/v2\/users\/6"}],"replies":[{"embeddable":true,"href":"https:\/\/nikolaus-kopernikus-gymnasium.de\/nkgweb\/index.php\/wp-json\/wp\/v2\/comments?post=6260"}],"version-history":[{"count":2,"href":"https:\/\/nikolaus-kopernikus-gymnasium.de\/nkgweb\/index.php\/wp-json\/wp\/v2\/posts\/6260\/revisions"}],"predecessor-version":[{"id":6268,"href":"https:\/\/nikolaus-kopernikus-gymnasium.de\/nkgweb\/index.php\/wp-json\/wp\/v2\/posts\/6260\/revisions\/6268"}],"wp:featuredmedia":[{"embeddable":true,"href":"https:\/\/nikolaus-kopernikus-gymnasium.de\/nkgweb\/index.php\/wp-json\/wp\/v2\/media\/6262"}],"wp:attachment":[{"href":"https:\/\/nikolaus-kopernikus-gymnasium.de\/nkgweb\/index.php\/wp-json\/wp\/v2\/media?parent=6260"}],"wp:term":[{"taxonomy":"category","embeddable":true,"href":"https:\/\/nikolaus-kopernikus-gymnasium.de\/nkgweb\/index.php\/wp-json\/wp\/v2\/categories?post=6260"},{"taxonomy":"post_tag","embeddable":true,"href":"https:\/\/nikolaus-kopernikus-gymnasium.de\/nkgweb\/index.php\/wp-json\/wp\/v2\/tags?post=6260"}],"curies":[{"name":"wp","href":"https:\/\/api.w.org\/{rel}","templated":true}]}}