{"id":6246,"date":"2025-05-15T09:15:28","date_gmt":"2025-05-15T08:15:28","guid":{"rendered":"https:\/\/nikolaus-kopernikus-gymnasium.de\/nkgweb\/?p=6246"},"modified":"2025-05-15T09:16:30","modified_gmt":"2025-05-15T08:16:30","slug":"schule-ohne-rassismus-schule-mit-courage","status":"publish","type":"post","link":"https:\/\/nikolaus-kopernikus-gymnasium.de\/nkgweb\/index.php\/2025\/05\/15\/schule-ohne-rassismus-schule-mit-courage\/","title":{"rendered":"Schule ohne Rassismus \u2013 Schule mit Courage"},"content":{"rendered":"\n<p>\u201eSchule ohne Rassismus \u2013 Schule mit Courage\u201c darf sich das NKG seit dem 8. Mai 2025 offiziell nennen. Unsere Schulgemeinschaft hatte sich bei einer von der SMV organisierten Abstimmung im Dezember mit \u00fcberw\u00e4ltigender Mehrheit daf\u00fcr ausgesprochen, dem deutschlandweiten Netzwerk, das sich gegen Rassismus und Diskriminierung im Schulalltag einsetzt, beizutreten. Bei der festlichen Aufnahmefeier, die von unserer SMV vorbereitet und moderiert, sowie der NKG-Big Band musikalisch umrahmt wurde, kamen auch die beiden Paten des Projekts zu Wort. Unser pensionierte Lehrer Johann Mayer und die politische Kabarettistin und Schauspielerin Kathi Wolf, die selbst am Wei\u00dfenhorner Gymnasium ihr Abitur ablegte, \u00fcbernehmen die Patenschaft f\u00fcr die Schule und appellierten mit einem inspirierenden Zitat der Punkband \u201eDie \u00c4rzte\u201c an die Mitverantwortung der Sch\u00fclerschaft: &#8222;Es ist nicht deine Schuld, dass die Welt ist, wie sie ist. Es w\u00e4re nur deine Schuld, wenn sie so bleibt.&#8220;<\/p>\n\n\n\n<p>Mit dem Eintritt in das Netzwerk setzen wir ein klares Zeichen f\u00fcr Toleranz, Respekt und Solidarit\u00e4t. Dabei verstehen wir das Schild mit dem schwarz-wei\u00dfen Logo nicht als Auszeichnung, sondern als \u00fcberdimensionales Erinnerungs-Post-it, um unsere Schule zu einem Ort zu machen, an dem sich alle willkommen f\u00fchlen. <\/p>\n\n\n\n<div style=\"height:11px\" aria-hidden=\"true\" class=\"wp-block-spacer\"><\/div>\n\n\n\n<div class=\"wp-block-columns is-layout-flex wp-container-core-columns-is-layout-28f84493 wp-block-columns-is-layout-flex\">\n<div class=\"wp-block-column is-layout-flow wp-block-column-is-layout-flow\">\n<figure class=\"wp-block-image size-large\"><img fetchpriority=\"high\" decoding=\"async\" width=\"1024\" height=\"683\" src=\"https:\/\/nikolaus-kopernikus-gymnasium.de\/nkgweb\/wp-content\/uploads\/DSC00439-3-2-1024x683.jpg\" alt=\"\" class=\"wp-image-6251\" srcset=\"https:\/\/nikolaus-kopernikus-gymnasium.de\/nkgweb\/wp-content\/uploads\/DSC00439-3-2-1024x683.jpg 1024w, https:\/\/nikolaus-kopernikus-gymnasium.de\/nkgweb\/wp-content\/uploads\/DSC00439-3-2-300x200.jpg 300w, https:\/\/nikolaus-kopernikus-gymnasium.de\/nkgweb\/wp-content\/uploads\/DSC00439-3-2-2000x1333.jpg 2000w\" sizes=\"(max-width: 1024px) 100vw, 1024px\" \/><\/figure>\n<\/div>\n\n\n\n<div class=\"wp-block-column is-layout-flow wp-block-column-is-layout-flow\">\n<figure class=\"wp-block-image size-large\"><img decoding=\"async\" width=\"1024\" height=\"680\" src=\"https:\/\/nikolaus-kopernikus-gymnasium.de\/nkgweb\/wp-content\/uploads\/DSC00481-3-2-1024x680.jpg\" alt=\"\" class=\"wp-image-6252\" srcset=\"https:\/\/nikolaus-kopernikus-gymnasium.de\/nkgweb\/wp-content\/uploads\/DSC00481-3-2-1024x680.jpg 1024w, https:\/\/nikolaus-kopernikus-gymnasium.de\/nkgweb\/wp-content\/uploads\/DSC00481-3-2-300x199.jpg 300w, https:\/\/nikolaus-kopernikus-gymnasium.de\/nkgweb\/wp-content\/uploads\/DSC00481-3-2-2000x1328.jpg 2000w\" sizes=\"(max-width: 1024px) 100vw, 1024px\" \/><\/figure>\n<\/div>\n<\/div>\n\n\n\n<div class=\"wp-block-columns is-layout-flex wp-container-core-columns-is-layout-28f84493 wp-block-columns-is-layout-flex\">\n<div class=\"wp-block-column is-layout-flow wp-block-column-is-layout-flow\">\n<figure class=\"wp-block-image size-large\"><img decoding=\"async\" width=\"1024\" height=\"679\" src=\"https:\/\/nikolaus-kopernikus-gymnasium.de\/nkgweb\/wp-content\/uploads\/DSC00526-3-2-1024x679.jpg\" alt=\"\" class=\"wp-image-6253\" srcset=\"https:\/\/nikolaus-kopernikus-gymnasium.de\/nkgweb\/wp-content\/uploads\/DSC00526-3-2-1024x679.jpg 1024w, https:\/\/nikolaus-kopernikus-gymnasium.de\/nkgweb\/wp-content\/uploads\/DSC00526-3-2-300x199.jpg 300w, https:\/\/nikolaus-kopernikus-gymnasium.de\/nkgweb\/wp-content\/uploads\/DSC00526-3-2-2000x1327.jpg 2000w\" sizes=\"(max-width: 1024px) 100vw, 1024px\" \/><\/figure>\n<\/div>\n\n\n\n<div class=\"wp-block-column is-layout-flow wp-block-column-is-layout-flow\">\n<figure class=\"wp-block-image size-large\"><img loading=\"lazy\" decoding=\"async\" width=\"1024\" height=\"678\" src=\"https:\/\/nikolaus-kopernikus-gymnasium.de\/nkgweb\/wp-content\/uploads\/DSC00371-3-2-1024x678.jpg\" alt=\"\" class=\"wp-image-6254\" srcset=\"https:\/\/nikolaus-kopernikus-gymnasium.de\/nkgweb\/wp-content\/uploads\/DSC00371-3-2-1024x678.jpg 1024w, https:\/\/nikolaus-kopernikus-gymnasium.de\/nkgweb\/wp-content\/uploads\/DSC00371-3-2-300x199.jpg 300w, https:\/\/nikolaus-kopernikus-gymnasium.de\/nkgweb\/wp-content\/uploads\/DSC00371-3-2-2000x1325.jpg 2000w\" sizes=\"(max-width: 1024px) 100vw, 1024px\" \/><\/figure>\n<\/div>\n<\/div>\n\n\n\n<div class=\"wp-block-columns is-layout-flex wp-container-core-columns-is-layout-28f84493 wp-block-columns-is-layout-flex\">\n<div class=\"wp-block-column is-layout-flow wp-block-column-is-layout-flow\">\n<figure class=\"wp-block-image size-large\"><img decoding=\"async\" src=\"https:\/\/nikolaus-kopernikus-gymnasium.de\/nkgweb\/wp-content\/uploads\/Sor_Gruppenbild-Verleihung-1024x683.jpg\" alt=\"\" class=\"wp-image-6255\"\/><\/figure>\n<\/div>\n\n\n\n<div class=\"wp-block-column is-layout-flow wp-block-column-is-layout-flow\">\n<figure class=\"wp-block-image size-large\"><img loading=\"lazy\" decoding=\"async\" width=\"1024\" height=\"683\" src=\"https:\/\/nikolaus-kopernikus-gymnasium.de\/nkgweb\/wp-content\/uploads\/DSC00388-3-2-1024x683.jpg\" alt=\"\" class=\"wp-image-6257\" srcset=\"https:\/\/nikolaus-kopernikus-gymnasium.de\/nkgweb\/wp-content\/uploads\/DSC00388-3-2-1024x683.jpg 1024w, https:\/\/nikolaus-kopernikus-gymnasium.de\/nkgweb\/wp-content\/uploads\/DSC00388-3-2-300x200.jpg 300w, https:\/\/nikolaus-kopernikus-gymnasium.de\/nkgweb\/wp-content\/uploads\/DSC00388-3-2-2000x1333.jpg 2000w\" sizes=\"(max-width: 1024px) 100vw, 1024px\" \/><\/figure>\n<\/div>\n<\/div>\n\n\n\n<div style=\"height:29px\" aria-hidden=\"true\" class=\"wp-block-spacer\"><\/div>\n\n\n\n<p class=\"has-text-align-right\"><em>Beitrag: Friederike Schwarzw\u00e4lder<\/em><\/p>\n\n\n\n<p class=\"has-text-align-right\"><em>Bilder: Foto-AG<\/em><\/p>\n\n\n\n<div style=\"height:100px\" aria-hidden=\"true\" class=\"wp-block-spacer\"><\/div>\n","protected":false},"excerpt":{"rendered":"<p>\u201eSchule ohne Rassismus \u2013 Schule mit Courage\u201c darf sich das NKG seit dem 8. Mai 2025 offiziell nennen. Unsere Schulgemeinschaft hatte sich bei einer von der SMV organisierten Abstimmung im Dezember mit \u00fcberw\u00e4ltigender Mehrheit daf\u00fcr ausgesprochen, dem deutschlandweiten Netzwerk, das sich gegen Rassismus und Diskriminierung im Schulalltag einsetzt, beizutreten. Bei der festlichen Aufnahmefeier, die von &hellip; <\/p>\n<p class=\"link-more\"><a href=\"https:\/\/nikolaus-kopernikus-gymnasium.de\/nkgweb\/index.php\/2025\/05\/15\/schule-ohne-rassismus-schule-mit-courage\/\" class=\"more-link\">Mehr <span class=\"screen-reader-text\">\u00fcber &#8222;Schule ohne Rassismus \u2013 Schule mit Courage&#8220; <\/span>Lesen<\/a><\/p>\n","protected":false},"author":6,"featured_media":6255,"comment_status":"closed","ping_status":"closed","sticky":false,"template":"","format":"standard","meta":{"footnotes":""},"categories":[1],"tags":[],"class_list":["post-6246","post","type-post","status-publish","format-standard","has-post-thumbnail","hentry","category-allgemein"],"_links":{"self":[{"href":"https:\/\/nikolaus-kopernikus-gymnasium.de\/nkgweb\/index.php\/wp-json\/wp\/v2\/posts\/6246","targetHints":{"allow":["GET"]}}],"collection":[{"href":"https:\/\/nikolaus-kopernikus-gymnasium.de\/nkgweb\/index.php\/wp-json\/wp\/v2\/posts"}],"about":[{"href":"https:\/\/nikolaus-kopernikus-gymnasium.de\/nkgweb\/index.php\/wp-json\/wp\/v2\/types\/post"}],"author":[{"embeddable":true,"href":"https:\/\/nikolaus-kopernikus-gymnasium.de\/nkgweb\/index.php\/wp-json\/wp\/v2\/users\/6"}],"replies":[{"embeddable":true,"href":"https:\/\/nikolaus-kopernikus-gymnasium.de\/nkgweb\/index.php\/wp-json\/wp\/v2\/comments?post=6246"}],"version-history":[{"count":2,"href":"https:\/\/nikolaus-kopernikus-gymnasium.de\/nkgweb\/index.php\/wp-json\/wp\/v2\/posts\/6246\/revisions"}],"predecessor-version":[{"id":6259,"href":"https:\/\/nikolaus-kopernikus-gymnasium.de\/nkgweb\/index.php\/wp-json\/wp\/v2\/posts\/6246\/revisions\/6259"}],"wp:featuredmedia":[{"embeddable":true,"href":"https:\/\/nikolaus-kopernikus-gymnasium.de\/nkgweb\/index.php\/wp-json\/wp\/v2\/media\/6255"}],"wp:attachment":[{"href":"https:\/\/nikolaus-kopernikus-gymnasium.de\/nkgweb\/index.php\/wp-json\/wp\/v2\/media?parent=6246"}],"wp:term":[{"taxonomy":"category","embeddable":true,"href":"https:\/\/nikolaus-kopernikus-gymnasium.de\/nkgweb\/index.php\/wp-json\/wp\/v2\/categories?post=6246"},{"taxonomy":"post_tag","embeddable":true,"href":"https:\/\/nikolaus-kopernikus-gymnasium.de\/nkgweb\/index.php\/wp-json\/wp\/v2\/tags?post=6246"}],"curies":[{"name":"wp","href":"https:\/\/api.w.org\/{rel}","templated":true}]}}