{"id":6180,"date":"2025-04-01T14:59:03","date_gmt":"2025-04-01T13:59:03","guid":{"rendered":"https:\/\/nikolaus-kopernikus-gymnasium.de\/nkgweb\/?p=6180"},"modified":"2025-04-01T15:01:54","modified_gmt":"2025-04-01T14:01:54","slug":"wir-werden-schule-mit-courage-schule-ohne-rassismus","status":"publish","type":"post","link":"https:\/\/nikolaus-kopernikus-gymnasium.de\/nkgweb\/index.php\/2025\/04\/01\/wir-werden-schule-mit-courage-schule-ohne-rassismus\/","title":{"rendered":"Wir werden Schule mit Courage"},"content":{"rendered":"\n<p>Am 20.3.2025 fand das Netzwerktreffen der Schulen ohne Rassismus (SOR SMC) im Bezirk Schwaben statt, das drei engagierte Sch\u00fclerinnen und Sch\u00fcler der SMV gemeinsam mit Frau Schwarzw\u00e4lder in Babenhausen besuchten. Als erstes h\u00f6rten wir uns einen interessanten Vortrag zum Thema Mobbing an Schulen von einem ehemaligen Betroffenen an. Nach dem Mittagessen fanden Workshops f\u00fcr P\u00e4dagogen und Sch\u00fcler statt. Matilda Kraft, Lukas Schildenberger und Niklas Ticks nahmen an verschiedenen Workshops teil. Sie besch\u00e4ftigten sich mit den Themen \u201eArten von Diskriminierungen\u201c \u201eDesign Thinking &#8211; was bewegt uns?\u201c oder \u201ePoetry Slam\u201c. W\u00e4hrend des Treffens fand viel Austausch mit anderen Schulen des Netzwerks statt. Wir konnten viele Ideen sammeln und freuen uns diese nach der offiziellen Aufnahme am 8. Mai umsetzten zu k\u00f6nnen.<\/p>\n\n\n\n<p>Denn am 8.5.2025 ist es soweit: das NKG wird Teil des Schule ohne Rassismus \u2013 Schule mit Courage-Netzwerkes. Hierzu findet eine feierliche \u00dcbergabe der Auszeichnung und Aufnahme ins Netzwerk mit allen Sch\u00fclerinnen und Sch\u00fclern in der 5. Stunde statt, bei der unsere Patin Kathi Wolf und unser Pate Johann Mayer die Aufnahmeurkunde f\u00fcr das NKG entgegennehmen. <\/p>\n\n\n\n<div class=\"wp-block-columns is-layout-flex wp-container-core-columns-is-layout-28f84493 wp-block-columns-is-layout-flex\">\n<div class=\"wp-block-column is-layout-flow wp-block-column-is-layout-flow\">\n<figure class=\"wp-block-image size-large\"><img fetchpriority=\"high\" decoding=\"async\" width=\"1024\" height=\"683\" src=\"https:\/\/nikolaus-kopernikus-gymnasium.de\/nkgweb\/wp-content\/uploads\/IMG_2355-1_-1-1024x683.jpg\" alt=\"\" class=\"wp-image-6183\" srcset=\"https:\/\/nikolaus-kopernikus-gymnasium.de\/nkgweb\/wp-content\/uploads\/IMG_2355-1_-1-1024x683.jpg 1024w, https:\/\/nikolaus-kopernikus-gymnasium.de\/nkgweb\/wp-content\/uploads\/IMG_2355-1_-1-300x200.jpg 300w, https:\/\/nikolaus-kopernikus-gymnasium.de\/nkgweb\/wp-content\/uploads\/IMG_2355-1_-1-2000x1333.jpg 2000w\" sizes=\"(max-width: 1024px) 100vw, 1024px\" \/><\/figure>\n<\/div>\n\n\n\n<div class=\"wp-block-column is-layout-flow wp-block-column-is-layout-flow\">\n<figure class=\"wp-block-image size-large\"><img decoding=\"async\" width=\"1024\" height=\"680\" src=\"https:\/\/nikolaus-kopernikus-gymnasium.de\/nkgweb\/wp-content\/uploads\/Logo-auf-buntem-Hintergrund-e1617013279225_-1024x680.jpg\" alt=\"\" class=\"wp-image-6184\" srcset=\"https:\/\/nikolaus-kopernikus-gymnasium.de\/nkgweb\/wp-content\/uploads\/Logo-auf-buntem-Hintergrund-e1617013279225_-1024x680.jpg 1024w, https:\/\/nikolaus-kopernikus-gymnasium.de\/nkgweb\/wp-content\/uploads\/Logo-auf-buntem-Hintergrund-e1617013279225_-300x199.jpg 300w, https:\/\/nikolaus-kopernikus-gymnasium.de\/nkgweb\/wp-content\/uploads\/Logo-auf-buntem-Hintergrund-e1617013279225_.jpg 1611w\" sizes=\"(max-width: 1024px) 100vw, 1024px\" \/><\/figure>\n<\/div>\n<\/div>\n\n\n\n<div style=\"height:24px\" aria-hidden=\"true\" class=\"wp-block-spacer\"><\/div>\n\n\n\n<p class=\"has-text-align-right\"><em>Niklas Ticks, Mathilda Kraft und Lukas Schildenberger<\/em><\/p>\n\n\n\n<div style=\"height:132px\" aria-hidden=\"true\" class=\"wp-block-spacer\"><\/div>\n\n\n\n<p><\/p>\n","protected":false},"excerpt":{"rendered":"<p>Am 20.3.2025 fand das Netzwerktreffen der Schulen ohne Rassismus (SOR SMC) im Bezirk Schwaben statt, das drei engagierte Sch\u00fclerinnen und Sch\u00fcler der SMV gemeinsam mit Frau Schwarzw\u00e4lder in Babenhausen besuchten. Als erstes h\u00f6rten wir uns einen interessanten Vortrag zum Thema Mobbing an Schulen von einem ehemaligen Betroffenen an. Nach dem Mittagessen fanden Workshops f\u00fcr P\u00e4dagogen &hellip; <\/p>\n<p class=\"link-more\"><a href=\"https:\/\/nikolaus-kopernikus-gymnasium.de\/nkgweb\/index.php\/2025\/04\/01\/wir-werden-schule-mit-courage-schule-ohne-rassismus\/\" class=\"more-link\">Mehr <span class=\"screen-reader-text\">\u00fcber &#8222;Wir werden Schule mit Courage&#8220; <\/span>Lesen<\/a><\/p>\n","protected":false},"author":6,"featured_media":6181,"comment_status":"closed","ping_status":"closed","sticky":false,"template":"","format":"standard","meta":{"footnotes":""},"categories":[1],"tags":[],"class_list":["post-6180","post","type-post","status-publish","format-standard","has-post-thumbnail","hentry","category-allgemein"],"_links":{"self":[{"href":"https:\/\/nikolaus-kopernikus-gymnasium.de\/nkgweb\/index.php\/wp-json\/wp\/v2\/posts\/6180","targetHints":{"allow":["GET"]}}],"collection":[{"href":"https:\/\/nikolaus-kopernikus-gymnasium.de\/nkgweb\/index.php\/wp-json\/wp\/v2\/posts"}],"about":[{"href":"https:\/\/nikolaus-kopernikus-gymnasium.de\/nkgweb\/index.php\/wp-json\/wp\/v2\/types\/post"}],"author":[{"embeddable":true,"href":"https:\/\/nikolaus-kopernikus-gymnasium.de\/nkgweb\/index.php\/wp-json\/wp\/v2\/users\/6"}],"replies":[{"embeddable":true,"href":"https:\/\/nikolaus-kopernikus-gymnasium.de\/nkgweb\/index.php\/wp-json\/wp\/v2\/comments?post=6180"}],"version-history":[{"count":3,"href":"https:\/\/nikolaus-kopernikus-gymnasium.de\/nkgweb\/index.php\/wp-json\/wp\/v2\/posts\/6180\/revisions"}],"predecessor-version":[{"id":6187,"href":"https:\/\/nikolaus-kopernikus-gymnasium.de\/nkgweb\/index.php\/wp-json\/wp\/v2\/posts\/6180\/revisions\/6187"}],"wp:featuredmedia":[{"embeddable":true,"href":"https:\/\/nikolaus-kopernikus-gymnasium.de\/nkgweb\/index.php\/wp-json\/wp\/v2\/media\/6181"}],"wp:attachment":[{"href":"https:\/\/nikolaus-kopernikus-gymnasium.de\/nkgweb\/index.php\/wp-json\/wp\/v2\/media?parent=6180"}],"wp:term":[{"taxonomy":"category","embeddable":true,"href":"https:\/\/nikolaus-kopernikus-gymnasium.de\/nkgweb\/index.php\/wp-json\/wp\/v2\/categories?post=6180"},{"taxonomy":"post_tag","embeddable":true,"href":"https:\/\/nikolaus-kopernikus-gymnasium.de\/nkgweb\/index.php\/wp-json\/wp\/v2\/tags?post=6180"}],"curies":[{"name":"wp","href":"https:\/\/api.w.org\/{rel}","templated":true}]}}