{"id":6149,"date":"2025-03-27T18:40:13","date_gmt":"2025-03-27T17:40:13","guid":{"rendered":"https:\/\/nikolaus-kopernikus-gymnasium.de\/nkgweb\/?p=6149"},"modified":"2025-03-27T18:45:21","modified_gmt":"2025-03-27T17:45:21","slug":"kreativitaet-und-gemeinschaft-im-rampenlicht-tag-der-offenen-tuer-am-nkg","status":"publish","type":"post","link":"https:\/\/nikolaus-kopernikus-gymnasium.de\/nkgweb\/index.php\/2025\/03\/27\/kreativitaet-und-gemeinschaft-im-rampenlicht-tag-der-offenen-tuer-am-nkg\/","title":{"rendered":"Kreativit\u00e4t und Gemeinschaft: Tag der offenen T\u00fcr am NKG"},"content":{"rendered":"\n<p>Am vergangenen Samstag \u00f6ffnete das Nikolaus Kopernikus Gymnasium in Wei\u00dfenhorn seine T\u00fcren f\u00fcr zahlreiche Besucher zum Tag der offenen T\u00fcr. Der Nachmittag bildete den kr\u00f6nenden Abschluss zweier spannender Projekttage, in denen die Sch\u00fcler mit viel Engagement und Einfallsreichtum ihre Ideen in die Tat umsetzten. <\/p>\n\n\n\n<p>Die Veranstaltung bot ein buntes Programm, das die vielf\u00e4ltigen Talente der Sch\u00fcler zur Schau stellte. Von beeindruckenden Theaterauff\u00fchrungen \u00fcber einen mitrei\u00dfenden Poetry Slam bis hin zu einem Wett-Melken und einem fantasievollen Bewegungsparcours \u2013 die Sch\u00fcler zeigten eindrucksvoll, was sie in den letzten Tagen erarbeitet hatten. Auch die musikalischen Highlights begeisterten die G\u00e4ste und sorgten f\u00fcr eine fr\u00f6hliche Stimmung im gesamten Schulhaus. <\/p>\n\n\n\n<p>Bereits am Vormittag erlebten die Viertkl\u00e4ssler bei einer Schulhaus-Rallye viel Spa\u00df und aufregende Herausforderungen. Die jungen G\u00e4ste konnten den lebendigen Schulalltag hautnah miterleben und sich von den gro\u00dfartigen Ergebnissen der Projekttage inspirieren lassen. <\/p>\n\n\n\n<p>Der Tag der offenen T\u00fcr war somit ein wunderbarer Moment des gemeinsamen Erlebens und der Freude an Bildung und Kreativit\u00e4t. Das NKG setzte mit diesem Event ein deutliches Zeichen f\u00fcr die engagierte Schulgemeinschaft und die vielf\u00e4ltigen M\u00f6glichkeiten, die es zu bieten hat.<\/p>\n\n\n\n<div class=\"wp-block-columns is-layout-flex wp-container-core-columns-is-layout-28f84493 wp-block-columns-is-layout-flex\">\n<div class=\"wp-block-column is-layout-flow wp-block-column-is-layout-flow\">\n<figure class=\"wp-block-image size-large\"><img fetchpriority=\"high\" decoding=\"async\" width=\"1024\" height=\"769\" src=\"https:\/\/nikolaus-kopernikus-gymnasium.de\/nkgweb\/wp-content\/uploads\/Bild1-3-1024x769.jpg\" alt=\"\" class=\"wp-image-6150\" srcset=\"https:\/\/nikolaus-kopernikus-gymnasium.de\/nkgweb\/wp-content\/uploads\/Bild1-3-1024x769.jpg 1024w, https:\/\/nikolaus-kopernikus-gymnasium.de\/nkgweb\/wp-content\/uploads\/Bild1-3-300x225.jpg 300w, https:\/\/nikolaus-kopernikus-gymnasium.de\/nkgweb\/wp-content\/uploads\/Bild1-3.jpg 1384w\" sizes=\"(max-width: 1024px) 100vw, 1024px\" \/><\/figure>\n<\/div>\n\n\n\n<div class=\"wp-block-column is-layout-flow wp-block-column-is-layout-flow\">\n<figure class=\"wp-block-image size-large\"><img decoding=\"async\" width=\"1024\" height=\"768\" src=\"https:\/\/nikolaus-kopernikus-gymnasium.de\/nkgweb\/wp-content\/uploads\/Bild2-1024x768.jpg\" alt=\"\" class=\"wp-image-6151\" srcset=\"https:\/\/nikolaus-kopernikus-gymnasium.de\/nkgweb\/wp-content\/uploads\/Bild2-1024x768.jpg 1024w, https:\/\/nikolaus-kopernikus-gymnasium.de\/nkgweb\/wp-content\/uploads\/Bild2-300x225.jpg 300w, https:\/\/nikolaus-kopernikus-gymnasium.de\/nkgweb\/wp-content\/uploads\/Bild2.jpg 1386w\" sizes=\"(max-width: 1024px) 100vw, 1024px\" \/><\/figure>\n<\/div>\n<\/div>\n\n\n\n<p>Beim Wettmelken hatten Sch\u00fcler und Lehrer gleicherma\u00dfen Spa\u00df.<\/p>\n\n\n\n<div class=\"wp-block-columns is-layout-flex wp-container-core-columns-is-layout-28f84493 wp-block-columns-is-layout-flex\">\n<div class=\"wp-block-column is-layout-flow wp-block-column-is-layout-flow\">\n<figure class=\"wp-block-image size-full\"><img decoding=\"async\" width=\"605\" height=\"748\" src=\"https:\/\/nikolaus-kopernikus-gymnasium.de\/nkgweb\/wp-content\/uploads\/Bild3-3.jpg\" alt=\"\" class=\"wp-image-6154\" srcset=\"https:\/\/nikolaus-kopernikus-gymnasium.de\/nkgweb\/wp-content\/uploads\/Bild3-3.jpg 605w, https:\/\/nikolaus-kopernikus-gymnasium.de\/nkgweb\/wp-content\/uploads\/Bild3-3-243x300.jpg 243w\" sizes=\"(max-width: 605px) 100vw, 605px\" \/><\/figure>\n<\/div>\n\n\n\n<div class=\"wp-block-column is-layout-flow wp-block-column-is-layout-flow\">\n<figure class=\"wp-block-image size-full\"><img loading=\"lazy\" decoding=\"async\" width=\"605\" height=\"753\" src=\"https:\/\/nikolaus-kopernikus-gymnasium.de\/nkgweb\/wp-content\/uploads\/Bild4-2.jpg\" alt=\"\" class=\"wp-image-6153\" srcset=\"https:\/\/nikolaus-kopernikus-gymnasium.de\/nkgweb\/wp-content\/uploads\/Bild4-2.jpg 605w, https:\/\/nikolaus-kopernikus-gymnasium.de\/nkgweb\/wp-content\/uploads\/Bild4-2-241x300.jpg 241w\" sizes=\"(max-width: 605px) 100vw, 605px\" \/><\/figure>\n<\/div>\n<\/div>\n\n\n\n<p>Beim Poetry Slam und dem Theaterst\u00fcck Schneewittchen wurde der Kreativit\u00e4t freier Lauf gelassen.<\/p>\n\n\n\n<div style=\"height:32px\" aria-hidden=\"true\" class=\"wp-block-spacer\"><\/div>\n\n\n\n<p class=\"has-text-align-right\"><em>Tino Letzner <\/em><\/p>\n\n\n\n<div style=\"height:100px\" aria-hidden=\"true\" class=\"wp-block-spacer\"><\/div>\n\n\n\n<p><\/p>\n","protected":false},"excerpt":{"rendered":"<p>Am vergangenen Samstag \u00f6ffnete das Nikolaus Kopernikus Gymnasium in Wei\u00dfenhorn seine T\u00fcren f\u00fcr zahlreiche Besucher zum Tag der offenen T\u00fcr. Der Nachmittag bildete den kr\u00f6nenden Abschluss zweier spannender Projekttage, in denen die Sch\u00fcler mit viel Engagement und Einfallsreichtum ihre Ideen in die Tat umsetzten. Die Veranstaltung bot ein buntes Programm, das die vielf\u00e4ltigen Talente der &hellip; <\/p>\n<p class=\"link-more\"><a href=\"https:\/\/nikolaus-kopernikus-gymnasium.de\/nkgweb\/index.php\/2025\/03\/27\/kreativitaet-und-gemeinschaft-im-rampenlicht-tag-der-offenen-tuer-am-nkg\/\" class=\"more-link\">Mehr <span class=\"screen-reader-text\">\u00fcber &#8222;Kreativit\u00e4t und Gemeinschaft: Tag der offenen T\u00fcr am NKG&#8220; <\/span>Lesen<\/a><\/p>\n","protected":false},"author":6,"featured_media":6155,"comment_status":"closed","ping_status":"closed","sticky":false,"template":"","format":"standard","meta":{"footnotes":""},"categories":[1],"tags":[],"class_list":["post-6149","post","type-post","status-publish","format-standard","has-post-thumbnail","hentry","category-allgemein"],"_links":{"self":[{"href":"https:\/\/nikolaus-kopernikus-gymnasium.de\/nkgweb\/index.php\/wp-json\/wp\/v2\/posts\/6149","targetHints":{"allow":["GET"]}}],"collection":[{"href":"https:\/\/nikolaus-kopernikus-gymnasium.de\/nkgweb\/index.php\/wp-json\/wp\/v2\/posts"}],"about":[{"href":"https:\/\/nikolaus-kopernikus-gymnasium.de\/nkgweb\/index.php\/wp-json\/wp\/v2\/types\/post"}],"author":[{"embeddable":true,"href":"https:\/\/nikolaus-kopernikus-gymnasium.de\/nkgweb\/index.php\/wp-json\/wp\/v2\/users\/6"}],"replies":[{"embeddable":true,"href":"https:\/\/nikolaus-kopernikus-gymnasium.de\/nkgweb\/index.php\/wp-json\/wp\/v2\/comments?post=6149"}],"version-history":[{"count":5,"href":"https:\/\/nikolaus-kopernikus-gymnasium.de\/nkgweb\/index.php\/wp-json\/wp\/v2\/posts\/6149\/revisions"}],"predecessor-version":[{"id":6160,"href":"https:\/\/nikolaus-kopernikus-gymnasium.de\/nkgweb\/index.php\/wp-json\/wp\/v2\/posts\/6149\/revisions\/6160"}],"wp:featuredmedia":[{"embeddable":true,"href":"https:\/\/nikolaus-kopernikus-gymnasium.de\/nkgweb\/index.php\/wp-json\/wp\/v2\/media\/6155"}],"wp:attachment":[{"href":"https:\/\/nikolaus-kopernikus-gymnasium.de\/nkgweb\/index.php\/wp-json\/wp\/v2\/media?parent=6149"}],"wp:term":[{"taxonomy":"category","embeddable":true,"href":"https:\/\/nikolaus-kopernikus-gymnasium.de\/nkgweb\/index.php\/wp-json\/wp\/v2\/categories?post=6149"},{"taxonomy":"post_tag","embeddable":true,"href":"https:\/\/nikolaus-kopernikus-gymnasium.de\/nkgweb\/index.php\/wp-json\/wp\/v2\/tags?post=6149"}],"curies":[{"name":"wp","href":"https:\/\/api.w.org\/{rel}","templated":true}]}}