{"id":5072,"date":"2024-11-12T15:39:31","date_gmt":"2024-11-12T14:39:31","guid":{"rendered":"https:\/\/nikolaus-kopernikus-gymnasium.de\/nkgweb\/?p=5072"},"modified":"2024-11-12T15:43:27","modified_gmt":"2024-11-12T14:43:27","slug":"seminartage-der-klassensprecher","status":"publish","type":"post","link":"https:\/\/nikolaus-kopernikus-gymnasium.de\/nkgweb\/index.php\/2024\/11\/12\/seminartage-der-klassensprecher\/","title":{"rendered":"Seminartage der Klassensprecher"},"content":{"rendered":"\n<p>Im November fand das j\u00e4hrliche Klassensprecher-Seminar statt, bei dem alle Mitglieder der Sch\u00fclervertretung sowie die Klassen- und Sch\u00fclersprecher teilnahmen. Die Veranstaltung bot eine hervorragende Gelegenheit f\u00fcr den Austausch und die Weiterentwicklung unserer Sch\u00fclervertreter.<\/p>\n\n\n\n<p>F\u00fcr die Klassen f\u00fcnf bis sieben wurde ein Seminar zum Thema \u201eKlassensprecher sein\u201c angeboten. Dabei lernten die j\u00fcngeren Sch\u00fclerinnen und Sch\u00fcler, welche Aufgaben und Verantwortung ein Klassensprecher hat und wie sie ihren Mitsch\u00fclerinnen und Mitsch\u00fclern in verschiedenen Situationen am besten zur Seite stehen k\u00f6nnen.<\/p>\n\n\n\n<p>Die Sch\u00fclerinnen und Sch\u00fcler der Klassen acht bis zw\u00f6lf nahmen an einem spannenden Planspiel teil, das ihre politische Sichtweise und Beteiligung f\u00f6rderte. In diesem Planspiel ging es darum, wie es w\u00e4re, eine gro\u00dfe Sojaplantage und Firma in einer armen Region in S\u00fcdamerika zu gr\u00fcnden. Die Teilnehmer mussten sich politisch positionieren, verschiedene Rollen \u00fcbernehmen und gemeinsam L\u00f6sungen f\u00fcr die Herausforderungen finden, die mit einer solchen Ver\u00e4nderung verbunden w\u00e4ren.<\/p>\n\n\n\n<p>Das Seminar war eine wertvolle Erfahrung, die den Teilnehmern neue Perspektiven er\u00f6ffnete. Es zeigte ihnen, wie wichtig es ist, Verantwortung zu \u00fcbernehmen und aktiv an Entscheidungen mitzuwirken. Wir sind gespannt auf das kommende Jahr und freuen uns darauf, das Gelernte weiter umzusetzen!<\/p>\n\n\n\n<p class=\"has-text-align-right\"><em>Von Medea Buchm\u00fcller<\/em><\/p>\n\n\n\n<div class=\"wp-block-columns is-layout-flex wp-container-core-columns-is-layout-28f84493 wp-block-columns-is-layout-flex\">\n<div class=\"wp-block-column is-layout-flow wp-block-column-is-layout-flow\">\n<figure class=\"wp-block-image size-large\"><img fetchpriority=\"high\" decoding=\"async\" width=\"1024\" height=\"683\" src=\"https:\/\/nikolaus-kopernikus-gymnasium.de\/nkgweb\/wp-content\/uploads\/IMG_6521-1024x683.jpg\" alt=\"\" class=\"wp-image-5081\" srcset=\"https:\/\/nikolaus-kopernikus-gymnasium.de\/nkgweb\/wp-content\/uploads\/IMG_6521-1024x683.jpg 1024w, https:\/\/nikolaus-kopernikus-gymnasium.de\/nkgweb\/wp-content\/uploads\/IMG_6521-300x200.jpg 300w, https:\/\/nikolaus-kopernikus-gymnasium.de\/nkgweb\/wp-content\/uploads\/IMG_6521-2000x1333.jpg 2000w\" sizes=\"(max-width: 1024px) 100vw, 1024px\" \/><\/figure>\n<\/div>\n\n\n\n<div class=\"wp-block-column is-layout-flow wp-block-column-is-layout-flow\">\n<figure class=\"wp-block-image size-large\"><img decoding=\"async\" width=\"1024\" height=\"681\" src=\"https:\/\/nikolaus-kopernikus-gymnasium.de\/nkgweb\/wp-content\/uploads\/ee3ecd0f-7b62-4eef-b1d8-d57cbaefd1f3-1-1024x681.jpeg\" alt=\"\" class=\"wp-image-5076\" srcset=\"https:\/\/nikolaus-kopernikus-gymnasium.de\/nkgweb\/wp-content\/uploads\/ee3ecd0f-7b62-4eef-b1d8-d57cbaefd1f3-1-1024x681.jpeg 1024w, https:\/\/nikolaus-kopernikus-gymnasium.de\/nkgweb\/wp-content\/uploads\/ee3ecd0f-7b62-4eef-b1d8-d57cbaefd1f3-1-300x200.jpeg 300w, https:\/\/nikolaus-kopernikus-gymnasium.de\/nkgweb\/wp-content\/uploads\/ee3ecd0f-7b62-4eef-b1d8-d57cbaefd1f3-1.jpeg 2000w\" sizes=\"(max-width: 1024px) 100vw, 1024px\" \/><\/figure>\n<\/div>\n<\/div>\n\n\n\n<div class=\"wp-block-columns is-layout-flex wp-container-core-columns-is-layout-28f84493 wp-block-columns-is-layout-flex\">\n<div class=\"wp-block-column is-layout-flow wp-block-column-is-layout-flow\">\n<figure class=\"wp-block-image size-large\"><img decoding=\"async\" width=\"1024\" height=\"683\" src=\"https:\/\/nikolaus-kopernikus-gymnasium.de\/nkgweb\/wp-content\/uploads\/IMG_6557-1024x683.jpg\" alt=\"\" class=\"wp-image-5077\" srcset=\"https:\/\/nikolaus-kopernikus-gymnasium.de\/nkgweb\/wp-content\/uploads\/IMG_6557-1024x683.jpg 1024w, https:\/\/nikolaus-kopernikus-gymnasium.de\/nkgweb\/wp-content\/uploads\/IMG_6557-300x200.jpg 300w, https:\/\/nikolaus-kopernikus-gymnasium.de\/nkgweb\/wp-content\/uploads\/IMG_6557-2000x1333.jpg 2000w\" sizes=\"(max-width: 1024px) 100vw, 1024px\" \/><\/figure>\n<\/div>\n\n\n\n<div class=\"wp-block-column is-layout-flow wp-block-column-is-layout-flow\">\n<figure class=\"wp-block-image size-large\"><img loading=\"lazy\" decoding=\"async\" width=\"1024\" height=\"686\" src=\"https:\/\/nikolaus-kopernikus-gymnasium.de\/nkgweb\/wp-content\/uploads\/d5604686-cae8-4be6-ba92-b27e861eda20-1024x686.jpeg\" alt=\"\" class=\"wp-image-5078\" srcset=\"https:\/\/nikolaus-kopernikus-gymnasium.de\/nkgweb\/wp-content\/uploads\/d5604686-cae8-4be6-ba92-b27e861eda20-1024x686.jpeg 1024w, https:\/\/nikolaus-kopernikus-gymnasium.de\/nkgweb\/wp-content\/uploads\/d5604686-cae8-4be6-ba92-b27e861eda20-300x201.jpeg 300w, https:\/\/nikolaus-kopernikus-gymnasium.de\/nkgweb\/wp-content\/uploads\/d5604686-cae8-4be6-ba92-b27e861eda20.jpeg 2000w\" sizes=\"(max-width: 1024px) 100vw, 1024px\" \/><\/figure>\n<\/div>\n<\/div>\n\n\n\n<div style=\"height:83px\" aria-hidden=\"true\" class=\"wp-block-spacer\"><\/div>\n\n\n\n<p><\/p>\n","protected":false},"excerpt":{"rendered":"<p>Im November fand das j\u00e4hrliche Klassensprecher-Seminar statt, bei dem alle Mitglieder der Sch\u00fclervertretung sowie die Klassen- und Sch\u00fclersprecher teilnahmen. Die Veranstaltung bot eine hervorragende Gelegenheit f\u00fcr den Austausch und die Weiterentwicklung unserer Sch\u00fclervertreter. F\u00fcr die Klassen f\u00fcnf bis sieben wurde ein Seminar zum Thema \u201eKlassensprecher sein\u201c angeboten. Dabei lernten die j\u00fcngeren Sch\u00fclerinnen und Sch\u00fcler, welche &hellip; <\/p>\n<p class=\"link-more\"><a href=\"https:\/\/nikolaus-kopernikus-gymnasium.de\/nkgweb\/index.php\/2024\/11\/12\/seminartage-der-klassensprecher\/\" class=\"more-link\">Mehr <span class=\"screen-reader-text\">\u00fcber &#8222;Seminartage der Klassensprecher&#8220; <\/span>Lesen<\/a><\/p>\n","protected":false},"author":6,"featured_media":5074,"comment_status":"closed","ping_status":"closed","sticky":false,"template":"","format":"standard","meta":{"footnotes":""},"categories":[1],"tags":[],"class_list":["post-5072","post","type-post","status-publish","format-standard","has-post-thumbnail","hentry","category-allgemein"],"_links":{"self":[{"href":"https:\/\/nikolaus-kopernikus-gymnasium.de\/nkgweb\/index.php\/wp-json\/wp\/v2\/posts\/5072","targetHints":{"allow":["GET"]}}],"collection":[{"href":"https:\/\/nikolaus-kopernikus-gymnasium.de\/nkgweb\/index.php\/wp-json\/wp\/v2\/posts"}],"about":[{"href":"https:\/\/nikolaus-kopernikus-gymnasium.de\/nkgweb\/index.php\/wp-json\/wp\/v2\/types\/post"}],"author":[{"embeddable":true,"href":"https:\/\/nikolaus-kopernikus-gymnasium.de\/nkgweb\/index.php\/wp-json\/wp\/v2\/users\/6"}],"replies":[{"embeddable":true,"href":"https:\/\/nikolaus-kopernikus-gymnasium.de\/nkgweb\/index.php\/wp-json\/wp\/v2\/comments?post=5072"}],"version-history":[{"count":3,"href":"https:\/\/nikolaus-kopernikus-gymnasium.de\/nkgweb\/index.php\/wp-json\/wp\/v2\/posts\/5072\/revisions"}],"predecessor-version":[{"id":5083,"href":"https:\/\/nikolaus-kopernikus-gymnasium.de\/nkgweb\/index.php\/wp-json\/wp\/v2\/posts\/5072\/revisions\/5083"}],"wp:featuredmedia":[{"embeddable":true,"href":"https:\/\/nikolaus-kopernikus-gymnasium.de\/nkgweb\/index.php\/wp-json\/wp\/v2\/media\/5074"}],"wp:attachment":[{"href":"https:\/\/nikolaus-kopernikus-gymnasium.de\/nkgweb\/index.php\/wp-json\/wp\/v2\/media?parent=5072"}],"wp:term":[{"taxonomy":"category","embeddable":true,"href":"https:\/\/nikolaus-kopernikus-gymnasium.de\/nkgweb\/index.php\/wp-json\/wp\/v2\/categories?post=5072"},{"taxonomy":"post_tag","embeddable":true,"href":"https:\/\/nikolaus-kopernikus-gymnasium.de\/nkgweb\/index.php\/wp-json\/wp\/v2\/tags?post=5072"}],"curies":[{"name":"wp","href":"https:\/\/api.w.org\/{rel}","templated":true}]}}