{"id":4568,"date":"2024-07-24T07:31:16","date_gmt":"2024-07-24T06:31:16","guid":{"rendered":"https:\/\/nikolaus-kopernikus-gymnasium.de\/nkgweb\/?p=4568"},"modified":"2024-07-24T08:12:04","modified_gmt":"2024-07-24T07:12:04","slug":"von-euch-fuer-euch-lesetipps-fuer-die-sommerferien","status":"publish","type":"post","link":"https:\/\/nikolaus-kopernikus-gymnasium.de\/nkgweb\/index.php\/2024\/07\/24\/von-euch-fuer-euch-lesetipps-fuer-die-sommerferien\/","title":{"rendered":"Von euch f\u00fcr euch \u2013 Lesetipps f\u00fcr die Sommerferien"},"content":{"rendered":"\t\t<div data-elementor-type=\"wp-post\" data-elementor-id=\"4568\" class=\"elementor elementor-4568\">\n\t\t\t\t\t\t<section class=\"elementor-section elementor-top-section elementor-element elementor-element-22386bc0 elementor-section-boxed elementor-section-height-default elementor-section-height-default\" data-id=\"22386bc0\" data-element_type=\"section\" data-e-type=\"section\">\n\t\t\t\t\t\t<div class=\"elementor-container elementor-column-gap-default\">\n\t\t\t\t\t<div class=\"elementor-column elementor-col-100 elementor-top-column elementor-element elementor-element-44c17de7\" data-id=\"44c17de7\" data-element_type=\"column\" data-e-type=\"column\">\n\t\t\t<div class=\"elementor-widget-wrap elementor-element-populated\">\n\t\t\t\t\t\t<div class=\"elementor-element elementor-element-4a5c894b elementor-widget elementor-widget-text-editor\" data-id=\"4a5c894b\" data-element_type=\"widget\" data-e-type=\"widget\" data-widget_type=\"text-editor.default\">\n\t\t\t\t<div class=\"elementor-widget-container\">\n\t\t\t\t\t\t\t\t\t\n<p><strong>Ihr wollt in euren Sommerferien spannende, lustige, zauberhafte<\/strong> <strong>oder geheimnisvolle Abenteuer erleben: dann scrollt durch unsere Buchempfehlungen und los geht\u2019s! Viele der hier vorgestellten Romane findet ihr auch zum Ausleihen in unserer Schulbibliothek!<\/strong><\/p>\n\n\n\n<div class=\"wp-block-columns is-layout-flex wp-container-core-columns-is-layout-28f84493 wp-block-columns-is-layout-flex\">\n<div class=\"wp-block-column is-layout-flow wp-block-column-is-layout-flow\"><\/div>\n\n\n\n<div class=\"wp-block-column is-layout-flow wp-block-column-is-layout-flow\"><\/div>\n\n\n\n<div class=\"wp-block-column is-layout-flow wp-block-column-is-layout-flow\"><\/div>\n<\/div>\n\n\n\n<p><\/p>\n\t\t\t\t\t\t\t\t<\/div>\n\t\t\t\t<\/div>\n\t\t\t\t\t<\/div>\n\t\t<\/div>\n\t\t\t\t\t<\/div>\n\t\t<\/section>\n\t\t\t\t<section class=\"elementor-section elementor-top-section elementor-element elementor-element-47bcd7d elementor-section-boxed elementor-section-height-default elementor-section-height-default\" data-id=\"47bcd7d\" data-element_type=\"section\" data-e-type=\"section\">\n\t\t\t\t\t\t<div class=\"elementor-container elementor-column-gap-default\">\n\t\t\t\t\t<div class=\"elementor-column elementor-col-33 elementor-top-column elementor-element elementor-element-6ca5be6\" data-id=\"6ca5be6\" data-element_type=\"column\" data-e-type=\"column\">\n\t\t\t<div class=\"elementor-widget-wrap elementor-element-populated\">\n\t\t\t\t\t\t<div class=\"elementor-element elementor-element-5ffa8c0 elementor-widget elementor-widget-image\" data-id=\"5ffa8c0\" data-element_type=\"widget\" data-e-type=\"widget\" data-widget_type=\"image.default\">\n\t\t\t\t<div class=\"elementor-widget-container\">\n\t\t\t\t\t\t\t\t\t\t\t\t\t\t\t<img fetchpriority=\"high\" decoding=\"async\" width=\"950\" height=\"713\" src=\"https:\/\/nikolaus-kopernikus-gymnasium.de\/nkgweb\/wp-content\/uploads\/lit-1-1-1024x768.jpg\" class=\"attachment-large size-large wp-image-4576\" alt=\"\" srcset=\"https:\/\/nikolaus-kopernikus-gymnasium.de\/nkgweb\/wp-content\/uploads\/lit-1-1-1024x768.jpg 1024w, https:\/\/nikolaus-kopernikus-gymnasium.de\/nkgweb\/wp-content\/uploads\/lit-1-1-300x225.jpg 300w, https:\/\/nikolaus-kopernikus-gymnasium.de\/nkgweb\/wp-content\/uploads\/lit-1-1-2000x1500.jpg 2000w, https:\/\/nikolaus-kopernikus-gymnasium.de\/nkgweb\/wp-content\/uploads\/lit-1-1-scaled-1536x1152.jpg 1536w, https:\/\/nikolaus-kopernikus-gymnasium.de\/nkgweb\/wp-content\/uploads\/lit-1-1-scaled-2048x1536.jpg 2048w\" sizes=\"100vw\" \/>\t\t\t\t\t\t\t\t\t\t\t\t\t\t\t<\/div>\n\t\t\t\t<\/div>\n\t\t\t\t\t<\/div>\n\t\t<\/div>\n\t\t\t\t<div class=\"elementor-column elementor-col-33 elementor-top-column elementor-element elementor-element-0b56bc0\" data-id=\"0b56bc0\" data-element_type=\"column\" data-e-type=\"column\">\n\t\t\t<div class=\"elementor-widget-wrap elementor-element-populated\">\n\t\t\t\t\t\t<div class=\"elementor-element elementor-element-e533d13 elementor-widget elementor-widget-image\" data-id=\"e533d13\" data-element_type=\"widget\" data-e-type=\"widget\" data-widget_type=\"image.default\">\n\t\t\t\t<div class=\"elementor-widget-container\">\n\t\t\t\t\t\t\t\t\t\t\t\t\t\t\t<img decoding=\"async\" width=\"950\" height=\"713\" src=\"https:\/\/nikolaus-kopernikus-gymnasium.de\/nkgweb\/wp-content\/uploads\/lit-4-1024x768.jpg\" class=\"attachment-large size-large wp-image-4572\" alt=\"\" srcset=\"https:\/\/nikolaus-kopernikus-gymnasium.de\/nkgweb\/wp-content\/uploads\/lit-4-1024x768.jpg 1024w, https:\/\/nikolaus-kopernikus-gymnasium.de\/nkgweb\/wp-content\/uploads\/lit-4-300x225.jpg 300w, https:\/\/nikolaus-kopernikus-gymnasium.de\/nkgweb\/wp-content\/uploads\/lit-4-2000x1500.jpg 2000w, https:\/\/nikolaus-kopernikus-gymnasium.de\/nkgweb\/wp-content\/uploads\/lit-4-scaled-1536x1152.jpg 1536w, https:\/\/nikolaus-kopernikus-gymnasium.de\/nkgweb\/wp-content\/uploads\/lit-4-scaled-2048x1536.jpg 2048w\" sizes=\"100vw\" \/>\t\t\t\t\t\t\t\t\t\t\t\t\t\t\t<\/div>\n\t\t\t\t<\/div>\n\t\t\t\t\t<\/div>\n\t\t<\/div>\n\t\t\t\t<div class=\"elementor-column elementor-col-33 elementor-top-column elementor-element elementor-element-2a4461e\" data-id=\"2a4461e\" data-element_type=\"column\" data-e-type=\"column\">\n\t\t\t<div class=\"elementor-widget-wrap elementor-element-populated\">\n\t\t\t\t\t\t<div class=\"elementor-element elementor-element-b34153e elementor-widget elementor-widget-image\" data-id=\"b34153e\" data-element_type=\"widget\" data-e-type=\"widget\" data-widget_type=\"image.default\">\n\t\t\t\t<div class=\"elementor-widget-container\">\n\t\t\t\t\t\t\t\t\t\t\t\t\t\t\t<img decoding=\"async\" width=\"950\" height=\"713\" src=\"https:\/\/nikolaus-kopernikus-gymnasium.de\/nkgweb\/wp-content\/uploads\/lit-2-1024x768.jpg\" class=\"attachment-large size-large wp-image-4570\" alt=\"\" srcset=\"https:\/\/nikolaus-kopernikus-gymnasium.de\/nkgweb\/wp-content\/uploads\/lit-2-1024x768.jpg 1024w, https:\/\/nikolaus-kopernikus-gymnasium.de\/nkgweb\/wp-content\/uploads\/lit-2-300x225.jpg 300w, https:\/\/nikolaus-kopernikus-gymnasium.de\/nkgweb\/wp-content\/uploads\/lit-2-2000x1500.jpg 2000w, https:\/\/nikolaus-kopernikus-gymnasium.de\/nkgweb\/wp-content\/uploads\/lit-2-scaled-1536x1152.jpg 1536w, https:\/\/nikolaus-kopernikus-gymnasium.de\/nkgweb\/wp-content\/uploads\/lit-2-scaled-2048x1536.jpg 2048w\" sizes=\"100vw\" \/>\t\t\t\t\t\t\t\t\t\t\t\t\t\t\t<\/div>\n\t\t\t\t<\/div>\n\t\t\t\t\t<\/div>\n\t\t<\/div>\n\t\t\t\t\t<\/div>\n\t\t<\/section>\n\t\t\t\t<section class=\"elementor-section elementor-top-section elementor-element elementor-element-17e701f elementor-section-boxed elementor-section-height-default elementor-section-height-default\" data-id=\"17e701f\" data-element_type=\"section\" data-e-type=\"section\">\n\t\t\t\t\t\t<div class=\"elementor-container elementor-column-gap-default\">\n\t\t\t\t\t<div class=\"elementor-column elementor-col-100 elementor-top-column elementor-element elementor-element-bac406d\" data-id=\"bac406d\" data-element_type=\"column\" data-e-type=\"column\">\n\t\t\t<div class=\"elementor-widget-wrap elementor-element-populated\">\n\t\t\t\t\t\t<div class=\"elementor-element elementor-element-c0bfe08 elementor-widget elementor-widget-spacer\" data-id=\"c0bfe08\" data-element_type=\"widget\" data-e-type=\"widget\" data-widget_type=\"spacer.default\">\n\t\t\t\t<div class=\"elementor-widget-container\">\n\t\t\t\t\t\t\t<div class=\"elementor-spacer\">\n\t\t\t<div class=\"elementor-spacer-inner\"><\/div>\n\t\t<\/div>\n\t\t\t\t\t\t<\/div>\n\t\t\t\t<\/div>\n\t\t\t\t\t<\/div>\n\t\t<\/div>\n\t\t\t\t\t<\/div>\n\t\t<\/section>\n\t\t\t\t<section class=\"elementor-section elementor-top-section elementor-element elementor-element-024fefc elementor-section-boxed elementor-section-height-default elementor-section-height-default\" data-id=\"024fefc\" data-element_type=\"section\" data-e-type=\"section\">\n\t\t\t\t\t\t<div class=\"elementor-container elementor-column-gap-default\">\n\t\t\t\t\t<div class=\"elementor-column elementor-col-50 elementor-top-column elementor-element elementor-element-25079eb\" data-id=\"25079eb\" data-element_type=\"column\" data-e-type=\"column\" data-settings=\"{&quot;background_background&quot;:&quot;classic&quot;}\">\n\t\t\t<div class=\"elementor-widget-wrap elementor-element-populated\">\n\t\t\t\t\t\t<div class=\"elementor-element elementor-element-c74d6bc elementor-widget__width-initial elementor-widget elementor-widget-text-editor\" data-id=\"c74d6bc\" data-element_type=\"widget\" data-e-type=\"widget\" data-widget_type=\"text-editor.default\">\n\t\t\t\t<div class=\"elementor-widget-container\">\n\t\t\t\t\t\t\t\t\t<p><strong>Charlotte Habersack: Bitte nicht \u00f6ffnen, bissig! Ding-Dong, die Post ist da!&nbsp;(Band 1)<\/strong><\/p>\n<p>Nemo schaut nicht schlecht, als er vom Postboten ein Paket mit dem Aufdruck &#8222;Bitte nicht \u00f6ffnen&#8220; entgegennimmt. Die Anschrift ist ebenfalls mysteri\u00f6s: &#8222;An Niemand! Wo der Pfeffer w\u00e4chst. Am Arsch der Welt&#8220;. Was soll das denn? Nemo denkt nicht lange nach, \u00f6ffnet das P\u00e4ckchen &#8211; und eine lebendige Yeti-Actionfigur springt heraus! Seitdem ist in Nemos Leben nichts mehr normal: W\u00e4hrend drau\u00dfen ein Schneesturm mitten im Sommer tobt, w\u00e4chst ihm der kleine, pl\u00fcschige Yeti buchst\u00e4blich \u00fcber den Kopf. Zum Gl\u00fcck kann sich Nemo auf die Hilfe seiner Freunde verlassen. Denn wie, bittesch\u00f6n, versteckt man einen zweieinhalb Meter gro\u00dfen Yeti? Und vor allem: Wie k\u00f6nnen sie das Eis-Monster wieder zur\u00fcck in seine Heimat bringen?&nbsp;<\/p>\n<p>Mir hat das Buch gefallen, weil es lustig und spannend ist.<\/p>\n<p><b>Benno, 5b<\/b><\/p>\t\t\t\t\t\t\t\t<\/div>\n\t\t\t\t<\/div>\n\t\t\t\t\t<\/div>\n\t\t<\/div>\n\t\t\t\t<div class=\"elementor-column elementor-col-50 elementor-top-column elementor-element elementor-element-3abfc9b\" data-id=\"3abfc9b\" data-element_type=\"column\" data-e-type=\"column\" data-settings=\"{&quot;background_background&quot;:&quot;classic&quot;}\">\n\t\t\t<div class=\"elementor-widget-wrap elementor-element-populated\">\n\t\t\t\t\t\t<div class=\"elementor-element elementor-element-87aec0f elementor-widget__width-initial elementor-widget elementor-widget-text-editor\" data-id=\"87aec0f\" data-element_type=\"widget\" data-e-type=\"widget\" data-widget_type=\"text-editor.default\">\n\t\t\t\t<div class=\"elementor-widget-container\">\n\t\t\t\t\t\t\t\t\t<p><strong>Juma Kliebenstein: Die schlimmste Klasse der Welt<\/strong><\/p>\n<p>Stell dir vor: 24 Sch\u00fcler aus der 5a der Gutenbergschule: und einer ist schlimmer als der andere. In dieser Klasse herrscht Chaos pur: Hakim parkt Frau Sammets Auto an einem h\u00f6chst ungew\u00f6hnlichen Ort, Rolfs F\u00fcrze zwingen die komplette Lehrerschaft in die Knie, und Ewald fackelt fast die Schule ab. Bei dieser Klasse l\u00e4uft eben selten etwas wie geplant \u2013 und am Ende halten sie dann auch noch zusammen wie Pech und Schwefel.<\/p>\n<p>Ich mochte das Buch, weil es sehr originell ist.<\/p>\n<p><strong>Noah, 5b<\/strong><\/p>\t\t\t\t\t\t\t\t<\/div>\n\t\t\t\t<\/div>\n\t\t\t\t\t<\/div>\n\t\t<\/div>\n\t\t\t\t\t<\/div>\n\t\t<\/section>\n\t\t\t\t<section class=\"elementor-section elementor-top-section elementor-element elementor-element-47c7933 elementor-section-boxed elementor-section-height-default elementor-section-height-default\" data-id=\"47c7933\" data-element_type=\"section\" data-e-type=\"section\">\n\t\t\t\t\t\t<div class=\"elementor-container elementor-column-gap-default\">\n\t\t\t\t\t<div class=\"elementor-column elementor-col-50 elementor-top-column elementor-element elementor-element-18703a2\" data-id=\"18703a2\" data-element_type=\"column\" data-e-type=\"column\" data-settings=\"{&quot;background_background&quot;:&quot;classic&quot;}\">\n\t\t\t<div class=\"elementor-widget-wrap elementor-element-populated\">\n\t\t\t\t\t\t<div class=\"elementor-element elementor-element-1954468 elementor-widget__width-initial elementor-widget elementor-widget-text-editor\" data-id=\"1954468\" data-element_type=\"widget\" data-e-type=\"widget\" data-widget_type=\"text-editor.default\">\n\t\t\t\t<div class=\"elementor-widget-container\">\n\t\t\t\t\t\t\t\t\t<p><strong>Collin McMahon: Lucas und Skotti \u2013 Knallt\u00fcten im Anmarsch<\/strong><\/p>\n<p>So hatte Lucas den Start ins neue Schuljahr nicht geplant. Peinliche Situationen und ein freches Maskottchen halten ihn m\u00e4chtig auf Trapp, aber auch der geheimnisvolle Zauberstift hat es in sich.<\/p>\n<p>Collin McMahon ist ein wirklich lustiger Comic-Roman gelungen, mit tollen Illustrationen von Ulf K., die mir besonders gut gefallen haben. Ein witziger Lesespa\u00df f\u00fcr die Sommerferien!<\/p>\n<p><strong>Max, 5b<\/strong><\/p>\t\t\t\t\t\t\t\t<\/div>\n\t\t\t\t<\/div>\n\t\t\t\t\t<\/div>\n\t\t<\/div>\n\t\t\t\t<div class=\"elementor-column elementor-col-50 elementor-top-column elementor-element elementor-element-fa91fef\" data-id=\"fa91fef\" data-element_type=\"column\" data-e-type=\"column\" data-settings=\"{&quot;background_background&quot;:&quot;classic&quot;}\">\n\t\t\t<div class=\"elementor-widget-wrap elementor-element-populated\">\n\t\t\t\t\t\t<div class=\"elementor-element elementor-element-3ba464b elementor-widget__width-initial elementor-widget elementor-widget-text-editor\" data-id=\"3ba464b\" data-element_type=\"widget\" data-e-type=\"widget\" data-widget_type=\"text-editor.default\">\n\t\t\t\t<div class=\"elementor-widget-container\">\n\t\t\t\t\t\t\t\t\t<p><strong>Andreas Steinh\u00f6fel: Besch\u00fctzer der Diebe<\/strong><\/p>\n<p>Das Buch handelt von drei Kindern, die zuf\u00e4llig eine Entf\u00fchrung beobachten und daraufhin selbstst\u00e4ndig versuchen den Fall zu l\u00f6sen.<\/p>\n<p>Mir hat das Buch gefallen, weil die Verfolgungsjagd der Kinder durch Berlin geht und es unglaublich spannend ist.<\/p>\n<p><strong>Erik, 5b<\/strong><\/p>\t\t\t\t\t\t\t\t<\/div>\n\t\t\t\t<\/div>\n\t\t\t\t\t<\/div>\n\t\t<\/div>\n\t\t\t\t\t<\/div>\n\t\t<\/section>\n\t\t\t\t<section class=\"elementor-section elementor-top-section elementor-element elementor-element-a15359a elementor-section-boxed elementor-section-height-default elementor-section-height-default\" data-id=\"a15359a\" data-element_type=\"section\" data-e-type=\"section\">\n\t\t\t\t\t\t<div class=\"elementor-container elementor-column-gap-default\">\n\t\t\t\t\t<div class=\"elementor-column elementor-col-50 elementor-top-column elementor-element elementor-element-d031a55\" data-id=\"d031a55\" data-element_type=\"column\" data-e-type=\"column\" data-settings=\"{&quot;background_background&quot;:&quot;classic&quot;}\">\n\t\t\t<div class=\"elementor-widget-wrap elementor-element-populated\">\n\t\t\t\t\t\t<div class=\"elementor-element elementor-element-ccd73f7 elementor-widget__width-initial elementor-widget elementor-widget-text-editor\" data-id=\"ccd73f7\" data-element_type=\"widget\" data-e-type=\"widget\" data-widget_type=\"text-editor.default\">\n\t\t\t\t<div class=\"elementor-widget-container\">\n\t\t\t\t\t\t\t\t\t<p><strong>Andreas Ruch: Die drei ??? und der schwarze Fluch\u00a0 <\/strong><\/p>\n<p>In Rocky Beach machen es sich zwielichtige Personen zu Nutze, dass viele Personen im Ort sehr abergl\u00e4ubisch sind. Die drei Detektive m\u00fcssen herausfinden, was es damit auf sich hat. Dabei finden sie nicht nur die T\u00e4ter einer dubiosen Flaschenpost heraus, sondern auch den Dieb einer Kamera, auf deren Datentr\u00e4ger wichtiges Beweismaterial zu finden ist.<\/p>\n<p>Mir selbst hat das Buch gefallen, weil die Geschichten der drei ??? oft sehr witzig und spannend geschrieben sind Au\u00dferdem ist bis zum Schluss nicht klar, wer der T\u00e4ter ist.<\/p>\n<p><strong>Ludwig, 5b<\/strong><\/p>\t\t\t\t\t\t\t\t<\/div>\n\t\t\t\t<\/div>\n\t\t\t\t\t<\/div>\n\t\t<\/div>\n\t\t\t\t<div class=\"elementor-column elementor-col-50 elementor-top-column elementor-element elementor-element-3276245\" data-id=\"3276245\" data-element_type=\"column\" data-e-type=\"column\" data-settings=\"{&quot;background_background&quot;:&quot;classic&quot;}\">\n\t\t\t<div class=\"elementor-widget-wrap elementor-element-populated\">\n\t\t\t\t\t\t<div class=\"elementor-element elementor-element-5607b55 elementor-widget__width-initial elementor-widget elementor-widget-text-editor\" data-id=\"5607b55\" data-element_type=\"widget\" data-e-type=\"widget\" data-widget_type=\"text-editor.default\">\n\t\t\t\t<div class=\"elementor-widget-container\">\n\t\t\t\t\t\t\t\t\t<p><strong>Andre Marx: Die drei ??? \u00a0und der Geist des Goldgr\u00e4bers<\/strong><\/p>\n<p>Im menschenleeren Dead Man&#8217;s Canyon begegnet den drei ??? pl\u00f6tzlich ein Goldgr\u00e4ber. John Dewey kam vor \u00fcber 100 Jahren zu Tode und verfluchte jeden, der seinem Gold zu nahe kommt. F\u00fcr Justus steht fest: Alles Legende! <em>Doch<\/em> als in der darauffolgenden Nacht gespenstischer Besuch vor der T\u00fcr steht, erwacht die Legende zum Leben &#8230;<\/p>\n<p>Das Buch gef\u00e4llt mir, denn es ist lustig, aufregend und kinderfreundlich geschrieben.<\/p>\n<p><strong>Magnus, 5b<\/strong><\/p>\t\t\t\t\t\t\t\t<\/div>\n\t\t\t\t<\/div>\n\t\t\t\t\t<\/div>\n\t\t<\/div>\n\t\t\t\t\t<\/div>\n\t\t<\/section>\n\t\t\t\t<section class=\"elementor-section elementor-top-section elementor-element elementor-element-668195c elementor-section-boxed elementor-section-height-default elementor-section-height-default\" data-id=\"668195c\" data-element_type=\"section\" data-e-type=\"section\">\n\t\t\t\t\t\t<div class=\"elementor-container elementor-column-gap-default\">\n\t\t\t\t\t<div class=\"elementor-column elementor-col-50 elementor-top-column elementor-element elementor-element-b7ed68b\" data-id=\"b7ed68b\" data-element_type=\"column\" data-e-type=\"column\" data-settings=\"{&quot;background_background&quot;:&quot;classic&quot;}\">\n\t\t\t<div class=\"elementor-widget-wrap elementor-element-populated\">\n\t\t\t\t\t\t<div class=\"elementor-element elementor-element-aa2722f elementor-widget__width-initial elementor-widget elementor-widget-text-editor\" data-id=\"aa2722f\" data-element_type=\"widget\" data-e-type=\"widget\" data-widget_type=\"text-editor.default\">\n\t\t\t\t<div class=\"elementor-widget-container\">\n\t\t\t\t\t\t\t\t\t<p><strong>Kari Erlhoff: Rocky Beach Crimes. T\u00f6dliche T\u00f6rtchen<\/strong><\/p>\n<p>Kaum weilen die drei ??? einmal nicht im sch\u00f6nen Rocky Beach, schon geschehen dort Verbrechen. Beim Backwettbewerb erleidet Jury-Mitglied Gregory Weston einen Herzinfarkt. Der ber\u00fchmte Schauspieler sackt ausgerechnet \u00fcber Tante Mathildas Kirschkuchen in sich zusammen. Das kann Mathilda nicht auf sich sitzen lassen. Beherzt und ohne jegliche Scheu macht sich Justus\u2018 Tante auf die Suche nach der Wahrheit.<\/p>\n<p>Mir hat an dem Buch gefallen, dass sich die Spannung langsam aufbaut, au\u00dferdem fand ich es toll, dass Tante Mathilda statt der drei ??? ermitteln durfte.<\/p>\n<p><strong>Johannes, 5b<\/strong><\/p>\t\t\t\t\t\t\t\t<\/div>\n\t\t\t\t<\/div>\n\t\t\t\t\t<\/div>\n\t\t<\/div>\n\t\t\t\t<div class=\"elementor-column elementor-col-50 elementor-top-column elementor-element elementor-element-46a0f4b\" data-id=\"46a0f4b\" data-element_type=\"column\" data-e-type=\"column\" data-settings=\"{&quot;background_background&quot;:&quot;classic&quot;}\">\n\t\t\t<div class=\"elementor-widget-wrap elementor-element-populated\">\n\t\t\t\t\t\t<div class=\"elementor-element elementor-element-5e12a49 elementor-widget__width-initial elementor-widget elementor-widget-text-editor\" data-id=\"5e12a49\" data-element_type=\"widget\" data-e-type=\"widget\" data-widget_type=\"text-editor.default\">\n\t\t\t\t<div class=\"elementor-widget-container\">\n\t\t\t\t\t\t\t\t\t<p><strong>Ben Nevis: Die drei ??? und der Geisterbunker<\/strong><\/p>\n<p>Hallo liebe B\u00fccherfreunde, ich habe euch heute mein Buch \u201eDie drei ??? und der Geisterbunker\u201c mitgebracht. Mrs Merryweather, eine Kommissarin aus Los Angeles vertritt Inspektor Cotta, w\u00e4hrend dieser auf Urlaubsreise ist. Sie wurde nach Rocky Beach zwangsversetzt, da sie einen Diebstahl nicht aufkl\u00e4ren konnte. Nicht ahnend, dass einer der Diebe nach Rocky Beach geflohen ist, nimmt sie dort ihren Dienst auf. Eine alte Dame meldet auf der Polizeiwache geheimnisvolle Stimmen, die sie aus einem Bunker auf ihrem Grundst\u00fcck geh\u00f6rt hat. Mrs Merryweather \u00fcbergibt den Fall an die drei ??? Diese \u00fcbernehmen den Fall und werden im Laufe ihrer Ermittlungen im Bunker gefangen genommen. Schaffen es die drei ??? aus dem Bunker zu entkommen und das R\u00e4tsel um die geheimnisvollen Stimmen zu l\u00f6sen? Wenn ihr wissen wollt, ob die drei ??? es schaffen, das R\u00e4tsel um den Geisterbunker zu l\u00f6sen, dann lest das Buch selbst.<\/p>\n<p>Mir hat das Buch gefallen, weil es bis zum Schluss abwechselnd lustig und spannend ist und die Ereignisse darin gut beschrieben sind.<\/p>\n<p><strong>Frederik, 5b<\/strong><\/p>\t\t\t\t\t\t\t\t<\/div>\n\t\t\t\t<\/div>\n\t\t\t\t\t<\/div>\n\t\t<\/div>\n\t\t\t\t\t<\/div>\n\t\t<\/section>\n\t\t\t\t<section class=\"elementor-section elementor-top-section elementor-element elementor-element-317c570 elementor-section-boxed elementor-section-height-default elementor-section-height-default\" data-id=\"317c570\" data-element_type=\"section\" data-e-type=\"section\">\n\t\t\t\t\t\t<div class=\"elementor-container elementor-column-gap-default\">\n\t\t\t\t\t<div class=\"elementor-column elementor-col-50 elementor-top-column elementor-element elementor-element-3590eab\" data-id=\"3590eab\" data-element_type=\"column\" data-e-type=\"column\" data-settings=\"{&quot;background_background&quot;:&quot;classic&quot;}\">\n\t\t\t<div class=\"elementor-widget-wrap elementor-element-populated\">\n\t\t\t\t\t\t<div class=\"elementor-element elementor-element-38b1b07 elementor-widget__width-initial elementor-widget elementor-widget-text-editor\" data-id=\"38b1b07\" data-element_type=\"widget\" data-e-type=\"widget\" data-widget_type=\"text-editor.default\">\n\t\t\t\t<div class=\"elementor-widget-container\">\n\t\t\t\t\t\t\t\t\t<p><strong>Herman Melville: Moby Dick (Klassiker der Weltliteratur in gek\u00fcrzter Fassung)<\/strong><br \/><br \/>In dem Buch Moby Dick geht es um einen ehrgeizigen Kapit\u00e4n Ahab, der den wei\u00dfen Wal (Moby Dick) \u00fcber die Weltmeere jagt und dabei spannende Abenteuer und R\u00fcckschl\u00e4ge erlebt. <br \/><br \/>Das Buch hat mir gefallen, weil es immer wieder spannende Situationen auf hoher See gab.<br \/><br \/><strong>Tim, 5b<\/strong><\/p>\t\t\t\t\t\t\t\t<\/div>\n\t\t\t\t<\/div>\n\t\t\t\t\t<\/div>\n\t\t<\/div>\n\t\t\t\t<div class=\"elementor-column elementor-col-50 elementor-top-column elementor-element elementor-element-5f4756a\" data-id=\"5f4756a\" data-element_type=\"column\" data-e-type=\"column\" data-settings=\"{&quot;background_background&quot;:&quot;classic&quot;}\">\n\t\t\t<div class=\"elementor-widget-wrap elementor-element-populated\">\n\t\t\t\t\t\t<div class=\"elementor-element elementor-element-2ef2369 elementor-widget__width-initial elementor-widget elementor-widget-text-editor\" data-id=\"2ef2369\" data-element_type=\"widget\" data-e-type=\"widget\" data-widget_type=\"text-editor.default\">\n\t\t\t\t<div class=\"elementor-widget-container\">\n\t\t\t\t\t\t\t\t\t<p><strong>Mark Twain: Tom Sawyer<\/strong><\/p>\n<p>Tom Sawyer, ein gewitzter Junge, ist bekannt f\u00fcr seine Streiche und Abenteuerlust. Er lebt bei seiner Tante Polly und erlebt mit seinem besten Freund Huck Finn zahlreiche Abenteuer. Ob es das ber\u00fchmte Wei\u00dfeln des Zauns ist, die vorget\u00e4uschte eigene Beerdigung oder die dramatische Entdeckung eines Mordes auf dem Friedhof, hier kommt keine Langeweile auf.<\/p>\n<p>Mir gef\u00e4llt das Buch, weil es lustig, gruselig und immer wieder sehr spannend ist.<\/p>\n<p><strong>Alexander, 5b<\/strong><\/p>\t\t\t\t\t\t\t\t<\/div>\n\t\t\t\t<\/div>\n\t\t\t\t\t<\/div>\n\t\t<\/div>\n\t\t\t\t\t<\/div>\n\t\t<\/section>\n\t\t\t\t<section class=\"elementor-section elementor-top-section elementor-element elementor-element-ae2f80a elementor-section-boxed elementor-section-height-default elementor-section-height-default\" data-id=\"ae2f80a\" data-element_type=\"section\" data-e-type=\"section\">\n\t\t\t\t\t\t<div class=\"elementor-container elementor-column-gap-default\">\n\t\t\t\t\t<div class=\"elementor-column elementor-col-50 elementor-top-column elementor-element elementor-element-1270dcf\" data-id=\"1270dcf\" data-element_type=\"column\" data-e-type=\"column\" data-settings=\"{&quot;background_background&quot;:&quot;classic&quot;}\">\n\t\t\t<div class=\"elementor-widget-wrap elementor-element-populated\">\n\t\t\t\t\t\t<div class=\"elementor-element elementor-element-04155f7 elementor-widget__width-initial elementor-widget elementor-widget-text-editor\" data-id=\"04155f7\" data-element_type=\"widget\" data-e-type=\"widget\" data-widget_type=\"text-editor.default\">\n\t\t\t\t<div class=\"elementor-widget-container\">\n\t\t\t\t\t\t\t\t\t<p><strong>Holly Goldberg: Elefantensommer<\/strong><\/p>\n<p>In dem Roman geht es um die wachsende Freundschaft des t\u00fcrkischst\u00e4mmigen M\u00e4dchens Sila mit dem autistischen Jungen Mateo. Gemeinsam k\u00fcmmern sie sich um eine Elefantendame namens Veda und meistern dabei ihre eignen Probleme.<\/p>\n<p>Mir hat das Buch sehr gut gefallen, weil es eine ungew\u00f6hnliche Geschichte \u00fcber Tiere und Freundschaft ist. Die Geschichte zeigt, dass man auch in schwierigen Zeiten immer Trost finden kann.<\/p>\n<p><strong>Luisa, 5b<\/strong><\/p>\t\t\t\t\t\t\t\t<\/div>\n\t\t\t\t<\/div>\n\t\t\t\t\t<\/div>\n\t\t<\/div>\n\t\t\t\t<div class=\"elementor-column elementor-col-50 elementor-top-column elementor-element elementor-element-20f3e26\" data-id=\"20f3e26\" data-element_type=\"column\" data-e-type=\"column\" data-settings=\"{&quot;background_background&quot;:&quot;classic&quot;}\">\n\t\t\t<div class=\"elementor-widget-wrap elementor-element-populated\">\n\t\t\t\t\t\t<div class=\"elementor-element elementor-element-87903d4 elementor-widget__width-initial elementor-widget elementor-widget-text-editor\" data-id=\"87903d4\" data-element_type=\"widget\" data-e-type=\"widget\" data-widget_type=\"text-editor.default\">\n\t\t\t\t<div class=\"elementor-widget-container\">\n\t\t\t\t\t\t\t\t\t<p><strong>Isabel Abedi: Hier kommt Lola!<\/strong><\/p>\n<p>In dem Buch geht es um Freundschaft und wie schwierig es ist, eine wahre Freundin zu finden. Das ist gar nicht so leicht! Sonst geht es in dem Buch noch um eine Phobie (sehr gro\u00dfe Angst) und um Tiere.<\/p>\n<p>An \u201eHier kommt Lola!\u201c hat mir gefallen, dass es nie langweilig wird. Au\u00dferdem, weil es um ein tolles Thema (Freundschaft) geht und weil ich mich in die Figuren des Buches richtig hineinversetzen konnte. Das war so toll!<\/p>\n<p><strong>Ilaria, 5b<\/strong><\/p>\t\t\t\t\t\t\t\t<\/div>\n\t\t\t\t<\/div>\n\t\t\t\t\t<\/div>\n\t\t<\/div>\n\t\t\t\t\t<\/div>\n\t\t<\/section>\n\t\t\t\t<section class=\"elementor-section elementor-top-section elementor-element elementor-element-1ae4dc0 elementor-section-boxed elementor-section-height-default elementor-section-height-default\" data-id=\"1ae4dc0\" data-element_type=\"section\" data-e-type=\"section\">\n\t\t\t\t\t\t<div class=\"elementor-container elementor-column-gap-default\">\n\t\t\t\t\t<div class=\"elementor-column elementor-col-50 elementor-top-column elementor-element elementor-element-cfa01dc\" data-id=\"cfa01dc\" data-element_type=\"column\" data-e-type=\"column\" data-settings=\"{&quot;background_background&quot;:&quot;classic&quot;}\">\n\t\t\t<div class=\"elementor-widget-wrap elementor-element-populated\">\n\t\t\t\t\t\t<div class=\"elementor-element elementor-element-a984a6f elementor-widget__width-initial elementor-widget elementor-widget-text-editor\" data-id=\"a984a6f\" data-element_type=\"widget\" data-e-type=\"widget\" data-widget_type=\"text-editor.default\">\n\t\t\t\t<div class=\"elementor-widget-container\">\n\t\t\t\t\t\t\t\t\t<p><strong>Kathryn Littlewood: Die Gl\u00fccksb\u00e4ckerei \u2013 Die magische Pr\u00fcfung (Band 2)<\/strong><\/p>\n<p>Das magische Rezeptbuch der Familie Glyck aus der Gl\u00fccksb\u00e4ckerei ist weg. Und im Ort sind alle nur noch antriebslos und ungl\u00fccklich. Rose sagt sich, dass es so nicht weitergehen kann. Sie wird das Buch zur\u00fcckholen! Allerdings muss sie daf\u00fcr in Paris beim Backwettbewerb gegen ihre hinterh\u00e4ltige Tante Lily gewinnen. Ein franz\u00f6sischer M\u00e4usespion und Geheimzutaten wie das Mitternachtsl\u00e4uten Notre-Dames und das L\u00e4cheln der Mona Lisa helfen ihr dabei.<\/p>\n<p>Ich finde das Buch richtig fesselnd zu lesen, weil die Gl\u00fccksb\u00e4ckerin Rose mit ihrer Familie immer so tolle magische Zutaten sammeln muss, wie z.B. das Geheimnis hinter dem L\u00e4cheln der Mona Lisa. Das gibt dann immer spannende Abenteuer und man kann gar nicht mehr aufh\u00f6ren zu lesen. Ich kann es nur empfehlen, auch wenn man nicht gerne backt.<\/p>\n<p><strong>Mira, 5b<\/strong><\/p>\t\t\t\t\t\t\t\t<\/div>\n\t\t\t\t<\/div>\n\t\t\t\t\t<\/div>\n\t\t<\/div>\n\t\t\t\t<div class=\"elementor-column elementor-col-50 elementor-top-column elementor-element elementor-element-7dcb7c3\" data-id=\"7dcb7c3\" data-element_type=\"column\" data-e-type=\"column\" data-settings=\"{&quot;background_background&quot;:&quot;classic&quot;}\">\n\t\t\t<div class=\"elementor-widget-wrap elementor-element-populated\">\n\t\t\t\t\t\t<div class=\"elementor-element elementor-element-7c5fdb5 elementor-widget__width-initial elementor-widget elementor-widget-text-editor\" data-id=\"7c5fdb5\" data-element_type=\"widget\" data-e-type=\"widget\" data-widget_type=\"text-editor.default\">\n\t\t\t\t<div class=\"elementor-widget-container\">\n\t\t\t\t\t\t\t\t\t<p><strong>Anna Ruhe: Die Duftapotheke 1 \u2013 Das R\u00e4tsel der schwarzen Blume<\/strong><\/p>\n<p>Luzie Alvenstein hat ein Geheimnis: Tief unter ihrem Haus gibt es ein verstecktes Zimmer &#8211; die Duftapotheke! Doch eines Tages ist ausgerechnet das Meteorpulver, die wichtigste Zutat f\u00fcr die magischen D\u00fcfte, verschwunden. Auf der Suche nach dem Dieb reisen Luzie und ihre Freunde bis nach Amsterdam. Dort bekommen sie Hilfe von einem verschrobenen Blumenz\u00fcchter &#8211; und von einem Mann, der gar nicht mehr leben d\u00fcrfte. K\u00f6nnen sie das Meteorpulver zur\u00fcckerlangen und so gemeinsam die Duftapotheke retten?<\/p>\n<p>Mir hat das Buch gefallen, weil es an vielen Stellen sehr spannend wird und es wirklich Spa\u00df macht, es zu lesen.<\/p>\t\t\t\t\t\t\t\t<\/div>\n\t\t\t\t<\/div>\n\t\t\t\t\t<\/div>\n\t\t<\/div>\n\t\t\t\t\t<\/div>\n\t\t<\/section>\n\t\t\t\t<section class=\"elementor-section elementor-top-section elementor-element elementor-element-2ab10a6 elementor-section-boxed elementor-section-height-default elementor-section-height-default\" data-id=\"2ab10a6\" data-element_type=\"section\" data-e-type=\"section\">\n\t\t\t\t\t\t<div class=\"elementor-container elementor-column-gap-default\">\n\t\t\t\t\t<div class=\"elementor-column elementor-col-50 elementor-top-column elementor-element elementor-element-35e0b7e\" data-id=\"35e0b7e\" data-element_type=\"column\" data-e-type=\"column\" data-settings=\"{&quot;background_background&quot;:&quot;classic&quot;}\">\n\t\t\t<div class=\"elementor-widget-wrap elementor-element-populated\">\n\t\t\t\t\t\t<div class=\"elementor-element elementor-element-082d1a2 elementor-widget__width-initial elementor-widget elementor-widget-text-editor\" data-id=\"082d1a2\" data-element_type=\"widget\" data-e-type=\"widget\" data-widget_type=\"text-editor.default\">\n\t\t\t\t<div class=\"elementor-widget-container\">\n\t\t\t\t\t\t\t\t\t<p><strong>Anna Ruhe: Die Duftakademie 1 \u2013 Die Entdeckung der Talente <\/strong><\/p>\n<p>Auf diesen Tag hat Ella Fredericks lange gewartet: Endlich wird sie eine Sch\u00fclerin an der Duftakademie! Endlich kann sie in die Fu\u00dfstapfen von Luzie <em>Alvenstein<\/em> treten und zeigen, wie talentiert sie im Umgang mit den magischen D\u00fcften ist. Doch tief in den verborgenen W\u00e4ldern der Schule lauern Gefahren. Denn ein mysteri\u00f6ser Orden, der sich &#8222;Die Gruppe&#8220; nennt, will die Ausbildung zuk\u00fcnftiger Duftapotheker um jeden Preis verhindern. Und Ella und ihre Freunde Polly und Ben sind die einzigen, die ihm im Weg stehen.<\/p>\n<p>Am Buch hat mir gefallen, dass Ella mit ihren Freunden ein gef\u00e4hrliches Abenteuer bestehen muss, bei dem sie zusammenhalten und sich gegenseitig vertrauen m\u00fcssen.<\/p>\n<p><strong>Emma, 5b<\/strong><\/p>\t\t\t\t\t\t\t\t<\/div>\n\t\t\t\t<\/div>\n\t\t\t\t\t<\/div>\n\t\t<\/div>\n\t\t\t\t<div class=\"elementor-column elementor-col-50 elementor-top-column elementor-element elementor-element-95ccfb5\" data-id=\"95ccfb5\" data-element_type=\"column\" data-e-type=\"column\" data-settings=\"{&quot;background_background&quot;:&quot;classic&quot;}\">\n\t\t\t<div class=\"elementor-widget-wrap elementor-element-populated\">\n\t\t\t\t\t\t<div class=\"elementor-element elementor-element-ad8d7a6 elementor-widget__width-initial elementor-widget elementor-widget-text-editor\" data-id=\"ad8d7a6\" data-element_type=\"widget\" data-e-type=\"widget\" data-widget_type=\"text-editor.default\">\n\t\t\t\t<div class=\"elementor-widget-container\">\n\t\t\t\t\t\t\t\t\t<p><strong>Sheridan Winn: Vier zauberhafte Schwestern<\/strong><\/p>\n<p>Die vier Cantrip-Schwestern Flame, Marina, Flora und Sky haben magische Kr\u00e4fte und schw\u00f6ren, sie nur f\u00fcr Gutes einzusetzen. Doch die Feindin ihrer Oma, Glenda Gloss, will sich an ihrer Oma r\u00e4chen und somit den Schwestern schaden. Ihr Schwur wird auf eine harte Probe gestellt\u2026.<\/p>\n<p>Mir hat das Buch gefallen, weil es spannend und lustig ist. Au\u00dferdem geht es um viel Magie und auch um Tiere, die ich auch sehr gerne mag.<\/p>\n<p><strong>Sophie, 5b<\/strong><\/p>\t\t\t\t\t\t\t\t<\/div>\n\t\t\t\t<\/div>\n\t\t\t\t\t<\/div>\n\t\t<\/div>\n\t\t\t\t\t<\/div>\n\t\t<\/section>\n\t\t\t\t<section class=\"elementor-section elementor-top-section elementor-element elementor-element-c559986 elementor-section-boxed elementor-section-height-default elementor-section-height-default\" data-id=\"c559986\" data-element_type=\"section\" data-e-type=\"section\">\n\t\t\t\t\t\t<div class=\"elementor-container elementor-column-gap-default\">\n\t\t\t\t\t<div class=\"elementor-column elementor-col-50 elementor-top-column elementor-element elementor-element-0aef211\" data-id=\"0aef211\" data-element_type=\"column\" data-e-type=\"column\" data-settings=\"{&quot;background_background&quot;:&quot;classic&quot;}\">\n\t\t\t<div class=\"elementor-widget-wrap elementor-element-populated\">\n\t\t\t\t\t\t<div class=\"elementor-element elementor-element-4fb9ab0 elementor-widget__width-initial elementor-widget elementor-widget-text-editor\" data-id=\"4fb9ab0\" data-element_type=\"widget\" data-e-type=\"widget\" data-widget_type=\"text-editor.default\">\n\t\t\t\t<div class=\"elementor-widget-container\">\n\t\t\t\t\t\t\t\t\t<p><strong>Collin McMahon: Lucas und Skotti \u2013 Knallt\u00fcten im Anmarsch<\/strong><\/p>\n<p>So hatte Lucas den Start ins neue Schuljahr nicht geplant. Peinliche Situationen und ein freches Maskottchen halten ihn m\u00e4chtig auf Trapp, aber auch der geheimnisvolle Zauberstift hat es in sich.<\/p>\n<p>Collin McMahon ist ein wirklich lustiger Comic-Roman gelungen, mit tollen Illustrationen von Ulf K., die mir besonders gut gefallen haben. Ein witziger Lesespa\u00df f\u00fcr die Sommerferien!<\/p>\n<p><strong>Max, 5b<\/strong><\/p>\t\t\t\t\t\t\t\t<\/div>\n\t\t\t\t<\/div>\n\t\t\t\t\t<\/div>\n\t\t<\/div>\n\t\t\t\t<div class=\"elementor-column elementor-col-50 elementor-top-column elementor-element elementor-element-22f186c\" data-id=\"22f186c\" data-element_type=\"column\" data-e-type=\"column\" data-settings=\"{&quot;background_background&quot;:&quot;classic&quot;}\">\n\t\t\t<div class=\"elementor-widget-wrap elementor-element-populated\">\n\t\t\t\t\t\t<div class=\"elementor-element elementor-element-2b67a88 elementor-widget__width-initial elementor-widget elementor-widget-text-editor\" data-id=\"2b67a88\" data-element_type=\"widget\" data-e-type=\"widget\" data-widget_type=\"text-editor.default\">\n\t\t\t\t<div class=\"elementor-widget-container\">\n\t\t\t\t\t\t\t\t\t<p><strong>Clive Staples Lewis: Die Chroniken von Narnia 1 \u2013 Das Wunder von Narnia<\/strong><\/p>\n<p>Digory und Polly geraten mit Hilfe von zwei Ringen in das Land Chan, das von der grausamen K\u00f6nigin Jadis regiert wird. Hier begegnen sie dem m\u00e4chtigen L\u00f6wen Aslan, der das geheimnisvolle Land Narnia erschafft. Die Freunde werden hineingezogen in einen packenden Kampf zwischen Gut und B\u00f6se.<\/p>\n<p>Es ist spannend, Narnia ist eine Welt, in der Dinge passieren, die bei uns nicht m\u00f6glich sein k\u00f6nnen. Mir hat es gut gefallen, dass so viel Magisches und Zauberhaftes mitspielt.<\/p>\n<p><strong>Felicitas, 5b<\/strong><\/p>\t\t\t\t\t\t\t\t<\/div>\n\t\t\t\t<\/div>\n\t\t\t\t\t<\/div>\n\t\t<\/div>\n\t\t\t\t\t<\/div>\n\t\t<\/section>\n\t\t\t\t<section class=\"elementor-section elementor-top-section elementor-element elementor-element-78a3b79 elementor-section-boxed elementor-section-height-default elementor-section-height-default\" data-id=\"78a3b79\" data-element_type=\"section\" data-e-type=\"section\">\n\t\t\t\t\t\t<div class=\"elementor-container elementor-column-gap-default\">\n\t\t\t\t\t<div class=\"elementor-column elementor-col-50 elementor-top-column elementor-element elementor-element-63f5d07\" data-id=\"63f5d07\" data-element_type=\"column\" data-e-type=\"column\" data-settings=\"{&quot;background_background&quot;:&quot;classic&quot;}\">\n\t\t\t<div class=\"elementor-widget-wrap elementor-element-populated\">\n\t\t\t\t\t\t<div class=\"elementor-element elementor-element-98618d0 elementor-widget__width-initial elementor-widget elementor-widget-text-editor\" data-id=\"98618d0\" data-element_type=\"widget\" data-e-type=\"widget\" data-widget_type=\"text-editor.default\">\n\t\t\t\t<div class=\"elementor-widget-container\">\n\t\t\t\t\t\t\t\t\t<p><strong>Margit Auer: Die Schule der magischen Tiere 1<\/strong><\/p>\n<p>In der neuen Schule f\u00fchlt sich Ida gar nicht wohl. Doch dann <em>erz\u00e4hlt<\/em> ihnen die Lehrerin Miss Cornfield von der magischen Zoohandlung \u2013 und Ida erh\u00e4lt ein magisches Tier: den hilfsbereiten Fuchs Rabbat. Auch Benni ist gespannt. Wie gern h\u00e4tte er ein wildes Raubtier an seiner Seite! Dann w\u00fcrden ihn die anderen endlich einmal ernst nehmen \u2026<\/p>\n<p>Das Buch ist eine tolle Geschichte f\u00fcr begeisterte Leser ab 10 Jahren. Es geht um magische Tiere und Freundschaft und besonders gut fand ich, dass der Fantasie keine Grenzen gesetzt sind.<\/p>\n<p><strong>Silas, 5b<\/strong><\/p>\t\t\t\t\t\t\t\t<\/div>\n\t\t\t\t<\/div>\n\t\t\t\t\t<\/div>\n\t\t<\/div>\n\t\t\t\t<div class=\"elementor-column elementor-col-50 elementor-top-column elementor-element elementor-element-c934fc6\" data-id=\"c934fc6\" data-element_type=\"column\" data-e-type=\"column\" data-settings=\"{&quot;background_background&quot;:&quot;classic&quot;}\">\n\t\t\t<div class=\"elementor-widget-wrap elementor-element-populated\">\n\t\t\t\t\t\t<div class=\"elementor-element elementor-element-c30dc32 elementor-widget__width-initial elementor-widget elementor-widget-text-editor\" data-id=\"c30dc32\" data-element_type=\"widget\" data-e-type=\"widget\" data-widget_type=\"text-editor.default\">\n\t\t\t\t<div class=\"elementor-widget-container\">\n\t\t\t\t\t\t\t\t\t<p><strong>Paluten Freedom: Der Gro\u00dfe Preis von Schmonaco <\/strong><\/p>\n<p>Im Buch geht es um einen K\u00fcrbiskopf namens Paluten, der mit seinem Freund Edgar, dem Schwein, Abenteuer bei einer Autorallye erlebt.<\/p>\n<p>Mir hat das Buch gefallen, weil \u2026 was bringt es euch zu wissen, was mir an dem Buch gef\u00e4llt. Lest es selbst und schaut, ob es euch gef\u00e4llt. Das ist wichtiger.<\/p>\n<p><strong>Konstantin, 5b<\/strong><\/p>\t\t\t\t\t\t\t\t<\/div>\n\t\t\t\t<\/div>\n\t\t\t\t\t<\/div>\n\t\t<\/div>\n\t\t\t\t\t<\/div>\n\t\t<\/section>\n\t\t\t\t<section class=\"elementor-section elementor-top-section elementor-element elementor-element-7cda45e elementor-section-boxed elementor-section-height-default elementor-section-height-default\" data-id=\"7cda45e\" data-element_type=\"section\" data-e-type=\"section\">\n\t\t\t\t\t\t<div class=\"elementor-container elementor-column-gap-default\">\n\t\t\t\t\t<div class=\"elementor-column elementor-col-50 elementor-top-column elementor-element elementor-element-ee4d4b6\" data-id=\"ee4d4b6\" data-element_type=\"column\" data-e-type=\"column\" data-settings=\"{&quot;background_background&quot;:&quot;classic&quot;}\">\n\t\t\t<div class=\"elementor-widget-wrap elementor-element-populated\">\n\t\t\t\t\t\t<div class=\"elementor-element elementor-element-6705efe elementor-widget__width-initial elementor-widget elementor-widget-text-editor\" data-id=\"6705efe\" data-element_type=\"widget\" data-e-type=\"widget\" data-widget_type=\"text-editor.default\">\n\t\t\t\t<div class=\"elementor-widget-container\">\n\t\t\t\t\t\t\t\t\t<p><strong>Paluten Freedom: Die Schmahamas-Verschw\u00f6rung<\/strong><\/p>\n<p>Paluten, ein K\u00fcrbiskopf hat eine Reise auf die Schmahamas gewonnen. Dort erlebt er ein spannendes Abenteuer mit seinem besten Freund Edgar, dem Schwein und einer ehemaligen Abenteurerin.<\/p>\n<p>Mir hat an dem Buch gefallen, dass es sehr witzig, aber auch spannend war. Es gab aber auch viele Geheimnisse.<\/p>\n<p><strong>Moritz, 5b<\/strong><\/p>\t\t\t\t\t\t\t\t<\/div>\n\t\t\t\t<\/div>\n\t\t\t\t\t<\/div>\n\t\t<\/div>\n\t\t\t\t<div class=\"elementor-column elementor-col-50 elementor-top-column elementor-element elementor-element-224feb5\" data-id=\"224feb5\" data-element_type=\"column\" data-e-type=\"column\" data-settings=\"{&quot;background_background&quot;:&quot;classic&quot;}\">\n\t\t\t<div class=\"elementor-widget-wrap elementor-element-populated\">\n\t\t\t\t\t\t<div class=\"elementor-element elementor-element-55c2bc2 elementor-widget__width-initial elementor-widget elementor-widget-text-editor\" data-id=\"55c2bc2\" data-element_type=\"widget\" data-e-type=\"widget\" data-widget_type=\"text-editor.default\">\n\t\t\t\t<div class=\"elementor-widget-container\">\n\t\t\t\t\t\t\t\t\t<p><strong>Tracy West: Spinjitzu Brothers \u2013 Das Geheimnis der Sphinx<\/strong><\/p>\n<p>Die jungen Ninja und Br\u00fcder Wu und Garmadon suchen nach einer Teepflanze, die das B\u00f6se vertreiben soll. Dazu m\u00fcssen sie durch das Labyrinth der Sphinx, das voller Fallen ist. Werden sie das Geheimnis l\u00fcften und entkommen k\u00f6nnen?<\/p>\n<p>An dem Buch hat mir gefallen, dass es nie langweilig wird: es ist lustig, spannend und es wird gef\u00e4hrlich!<\/p>\n<p><strong>Fabian, 5b<\/strong><\/p>\t\t\t\t\t\t\t\t<\/div>\n\t\t\t\t<\/div>\n\t\t\t\t\t<\/div>\n\t\t<\/div>\n\t\t\t\t\t<\/div>\n\t\t<\/section>\n\t\t\t\t<section class=\"elementor-section elementor-top-section elementor-element elementor-element-f34692a elementor-section-boxed elementor-section-height-default elementor-section-height-default\" data-id=\"f34692a\" data-element_type=\"section\" data-e-type=\"section\">\n\t\t\t\t\t\t<div class=\"elementor-container elementor-column-gap-default\">\n\t\t\t\t\t<div class=\"elementor-column elementor-col-50 elementor-top-column elementor-element elementor-element-469775e\" data-id=\"469775e\" data-element_type=\"column\" data-e-type=\"column\" data-settings=\"{&quot;background_background&quot;:&quot;classic&quot;}\">\n\t\t\t<div class=\"elementor-widget-wrap elementor-element-populated\">\n\t\t\t\t\t\t<div class=\"elementor-element elementor-element-a503fc2 elementor-widget__width-initial elementor-widget elementor-widget-text-editor\" data-id=\"a503fc2\" data-element_type=\"widget\" data-e-type=\"widget\" data-widget_type=\"text-editor.default\">\n\t\t\t\t<div class=\"elementor-widget-container\">\n\t\t\t\t\t\t\t\t\t<p><strong>Thomas Brezina: Ein Fall f\u00fcr dich und das Tiger-Team-Der Totenkopf-Helm (Band 12)<\/strong><\/p>\n<p>Wie aus heiterem Himmel f\u00e4llt Biggi, Luk und Patrick ein merkw\u00fcrdiger Ritterhelm mit einem Totenkopf-Visier vor die F\u00fc\u00dfe. Noch seltsamer wird es, als sie entdecken, dass es sich um einen Hilferuf handelt! Ihre Nachforschungen f\u00fchren die Tiger zu einer angeblich leerstehenden Burg, die jedoch weder unbewohnt noch unbewacht ist \u2026<\/p>\n<p>Dieses Buch hat mir gut gefallen, denn es ist mysteri\u00f6s, sehr spannend und manchmal auch gruselig.<\/p>\n<p><strong>Emir, 5b<\/strong><\/p>\t\t\t\t\t\t\t\t<\/div>\n\t\t\t\t<\/div>\n\t\t\t\t\t<\/div>\n\t\t<\/div>\n\t\t\t\t<div class=\"elementor-column elementor-col-50 elementor-top-column elementor-element elementor-element-81ec5cc\" data-id=\"81ec5cc\" data-element_type=\"column\" data-e-type=\"column\" data-settings=\"{&quot;background_background&quot;:&quot;classic&quot;}\">\n\t\t\t<div class=\"elementor-widget-wrap\">\n\t\t\t\t\t\t\t<\/div>\n\t\t<\/div>\n\t\t\t\t\t<\/div>\n\t\t<\/section>\n\t\t\t\t<section class=\"elementor-section elementor-top-section elementor-element elementor-element-5e45e86 elementor-section-boxed elementor-section-height-default elementor-section-height-default\" data-id=\"5e45e86\" data-element_type=\"section\" data-e-type=\"section\">\n\t\t\t\t\t\t<div class=\"elementor-container elementor-column-gap-default\">\n\t\t\t\t\t<div class=\"elementor-column elementor-col-100 elementor-top-column elementor-element elementor-element-ffd95bf\" data-id=\"ffd95bf\" data-element_type=\"column\" data-e-type=\"column\">\n\t\t\t<div class=\"elementor-widget-wrap elementor-element-populated\">\n\t\t\t\t\t\t<div class=\"elementor-element elementor-element-96f9824 elementor-widget elementor-widget-spacer\" data-id=\"96f9824\" data-element_type=\"widget\" data-e-type=\"widget\" data-widget_type=\"spacer.default\">\n\t\t\t\t<div class=\"elementor-widget-container\">\n\t\t\t\t\t\t\t<div class=\"elementor-spacer\">\n\t\t\t<div class=\"elementor-spacer-inner\"><\/div>\n\t\t<\/div>\n\t\t\t\t\t\t<\/div>\n\t\t\t\t<\/div>\n\t\t\t\t\t<\/div>\n\t\t<\/div>\n\t\t\t\t\t<\/div>\n\t\t<\/section>\n\t\t\t\t<section class=\"elementor-section elementor-top-section elementor-element elementor-element-bf064dc elementor-section-boxed elementor-section-height-default elementor-section-height-default\" data-id=\"bf064dc\" data-element_type=\"section\" data-e-type=\"section\">\n\t\t\t\t\t\t<div class=\"elementor-container elementor-column-gap-default\">\n\t\t\t\t\t<div class=\"elementor-column elementor-col-100 elementor-top-column elementor-element elementor-element-4444be6\" data-id=\"4444be6\" data-element_type=\"column\" data-e-type=\"column\">\n\t\t\t<div class=\"elementor-widget-wrap elementor-element-populated\">\n\t\t\t\t\t\t<div class=\"elementor-element elementor-element-69a7eb6 elementor-widget elementor-widget-text-editor\" data-id=\"69a7eb6\" data-element_type=\"widget\" data-e-type=\"widget\" data-widget_type=\"text-editor.default\">\n\t\t\t\t<div class=\"elementor-widget-container\">\n\t\t\t\t\t\t\t\t\t<p><em>Friederike Schwarzw\u00e4lder<\/em><\/p>\t\t\t\t\t\t\t\t<\/div>\n\t\t\t\t<\/div>\n\t\t\t\t\t<\/div>\n\t\t<\/div>\n\t\t\t\t\t<\/div>\n\t\t<\/section>\n\t\t\t\t<section class=\"elementor-section elementor-top-section elementor-element elementor-element-75f5fed elementor-section-boxed elementor-section-height-default elementor-section-height-default\" data-id=\"75f5fed\" data-element_type=\"section\" data-e-type=\"section\">\n\t\t\t\t\t\t<div class=\"elementor-container elementor-column-gap-default\">\n\t\t\t\t\t<div class=\"elementor-column elementor-col-100 elementor-top-column elementor-element elementor-element-7b6f541\" data-id=\"7b6f541\" data-element_type=\"column\" data-e-type=\"column\">\n\t\t\t<div class=\"elementor-widget-wrap elementor-element-populated\">\n\t\t\t\t\t\t<div class=\"elementor-element elementor-element-dca6e4f elementor-widget elementor-widget-spacer\" data-id=\"dca6e4f\" data-element_type=\"widget\" data-e-type=\"widget\" data-widget_type=\"spacer.default\">\n\t\t\t\t<div class=\"elementor-widget-container\">\n\t\t\t\t\t\t\t<div class=\"elementor-spacer\">\n\t\t\t<div class=\"elementor-spacer-inner\"><\/div>\n\t\t<\/div>\n\t\t\t\t\t\t<\/div>\n\t\t\t\t<\/div>\n\t\t\t\t\t<\/div>\n\t\t<\/div>\n\t\t\t\t\t<\/div>\n\t\t<\/section>\n\t\t\t\t<\/div>\n\t\t","protected":false},"excerpt":{"rendered":"<p>Ihr wollt in euren Sommerferien spannende, lustige, zauberhafte oder geheimnisvolle Abenteuer erleben: dann scrollt durch unsere Buchempfehlungen und los geht\u2019s! Viele der hier vorgestellten Romane findet ihr auch zum Ausleihen in unserer Schulbibliothek! Charlotte Habersack: Bitte nicht \u00f6ffnen, bissig! Ding-Dong, die Post ist da!&nbsp;(Band 1) Nemo schaut nicht schlecht, als er vom Postboten ein Paket &hellip; <\/p>\n<p class=\"link-more\"><a href=\"https:\/\/nikolaus-kopernikus-gymnasium.de\/nkgweb\/index.php\/2024\/07\/24\/von-euch-fuer-euch-lesetipps-fuer-die-sommerferien\/\" class=\"more-link\">Mehr <span class=\"screen-reader-text\">\u00fcber &#8222;Von euch f\u00fcr euch \u2013 Lesetipps f\u00fcr die Sommerferien&#8220; <\/span>Lesen<\/a><\/p>\n","protected":false},"author":6,"featured_media":4571,"comment_status":"closed","ping_status":"closed","sticky":false,"template":"","format":"standard","meta":{"footnotes":""},"categories":[1],"tags":[],"class_list":["post-4568","post","type-post","status-publish","format-standard","has-post-thumbnail","hentry","category-allgemein"],"_links":{"self":[{"href":"https:\/\/nikolaus-kopernikus-gymnasium.de\/nkgweb\/index.php\/wp-json\/wp\/v2\/posts\/4568","targetHints":{"allow":["GET"]}}],"collection":[{"href":"https:\/\/nikolaus-kopernikus-gymnasium.de\/nkgweb\/index.php\/wp-json\/wp\/v2\/posts"}],"about":[{"href":"https:\/\/nikolaus-kopernikus-gymnasium.de\/nkgweb\/index.php\/wp-json\/wp\/v2\/types\/post"}],"author":[{"embeddable":true,"href":"https:\/\/nikolaus-kopernikus-gymnasium.de\/nkgweb\/index.php\/wp-json\/wp\/v2\/users\/6"}],"replies":[{"embeddable":true,"href":"https:\/\/nikolaus-kopernikus-gymnasium.de\/nkgweb\/index.php\/wp-json\/wp\/v2\/comments?post=4568"}],"version-history":[{"count":21,"href":"https:\/\/nikolaus-kopernikus-gymnasium.de\/nkgweb\/index.php\/wp-json\/wp\/v2\/posts\/4568\/revisions"}],"predecessor-version":[{"id":4594,"href":"https:\/\/nikolaus-kopernikus-gymnasium.de\/nkgweb\/index.php\/wp-json\/wp\/v2\/posts\/4568\/revisions\/4594"}],"wp:featuredmedia":[{"embeddable":true,"href":"https:\/\/nikolaus-kopernikus-gymnasium.de\/nkgweb\/index.php\/wp-json\/wp\/v2\/media\/4571"}],"wp:attachment":[{"href":"https:\/\/nikolaus-kopernikus-gymnasium.de\/nkgweb\/index.php\/wp-json\/wp\/v2\/media?parent=4568"}],"wp:term":[{"taxonomy":"category","embeddable":true,"href":"https:\/\/nikolaus-kopernikus-gymnasium.de\/nkgweb\/index.php\/wp-json\/wp\/v2\/categories?post=4568"},{"taxonomy":"post_tag","embeddable":true,"href":"https:\/\/nikolaus-kopernikus-gymnasium.de\/nkgweb\/index.php\/wp-json\/wp\/v2\/tags?post=4568"}],"curies":[{"name":"wp","href":"https:\/\/api.w.org\/{rel}","templated":true}]}}