{"id":4305,"date":"2024-05-20T07:31:43","date_gmt":"2024-05-20T06:31:43","guid":{"rendered":"https:\/\/nikolaus-kopernikus-gymnasium.de\/nkgweb\/?p=4305"},"modified":"2024-05-20T07:34:41","modified_gmt":"2024-05-20T06:34:41","slug":"wir-waehlen-juniorwahl-zum-europaeischen-parlament","status":"publish","type":"post","link":"https:\/\/nikolaus-kopernikus-gymnasium.de\/nkgweb\/index.php\/2024\/05\/20\/wir-waehlen-juniorwahl-zum-europaeischen-parlament\/","title":{"rendered":"Wir w\u00e4hlen! Juniorwahl zum Europ\u00e4ischen Parlament"},"content":{"rendered":"\n<p>Am <strong>9. Juni 2024 wird das Europ\u00e4ische Parlament gew\u00e4hlt<\/strong>. An diesem Tag k\u00f6nnen alle wahlberechtigten B\u00fcrgerinnen und B\u00fcrger <strong>auch erstmalig ab 16 Jahren<\/strong> dar\u00fcber mitbestimmen, welche Parteien, welche Politikerinnen und Politiker in den kommenden f\u00fcnf Jahren \u00fcber die Gesetze der Europ\u00e4ischen Union beraten und entscheiden.<\/p>\n\n\n\n<p>Auch unsere Sch\u00fclerinnen und Sch\u00fcler werden zu den Wahlurnen gerufen. Im Zuge der Juniorwahl 2024 machen sie erste eigene Erfahrungen mit demokratischen Wahlen.<\/p>\n\n\n\n<p>Und das funktioniert so: Im Unterricht der unterschiedlichsten F\u00e4cher setzen sich die Klassen 9-11 mit den Themen \u201eWahlen\u201c, \u201eDemokratie\u201c und \u201eEuropa\u201c auseinander. Warum ist die EU f\u00fcr uns wichtig? Was wollen die unterschiedlichen Parteien erreichen? Wozu w\u00e4hlen wir \u00fcberhaupt?<\/p>\n\n\n\n<p>Dann sind die Jugendlichen an der Reihe: Sie legen W\u00e4hlerverzeichnisse an, verteilen Wahlbenachrichtigungen, richten ein Wahllokal ein und bilden Wahlvorst\u00e4nde. All das ist wichtig, damit eine Wahl auch wirklich fair abl\u00e4uft und niemand z.B. seine Stimme zweimal abgeben kann. Das Juniorwahl-Projekt gibt dazu umfangreiche Hilfestellungen.<\/p>\n\n\n\n<p>In der Woche vor der Europawahl ist es dann soweit und die Sch\u00fclerinnen und Sch\u00fcler geben ihre Stimme im Schulwahllokal ab. Am Abend der Europawahl wird auch das Ergebnis der Juniorwahl nach Schlie\u00dfung der Wahllokale bekanntgegeben.<\/p>\n\n\n\n<p>Die Juniorwahl leistet einen wichtigen Beitrag dazu, dass sich junge Leute fr\u00fchzeitig und intensiv mit Politik und ihren demokratischen Rechten besch\u00e4ftigen.<\/p>\n\n\n\n<p>F\u00fcr die Fachschaft Politik und Gesellschaft<\/p>\n\n\n\n<p><em>Anika Rock, Monika G\u00f6bel<\/em><\/p>\n\n\n\n<div style=\"height:36px\" aria-hidden=\"true\" class=\"wp-block-spacer\"><\/div>\n\n\n\n<figure class=\"wp-block-image aligncenter size-full is-resized\"><img fetchpriority=\"high\" decoding=\"async\" width=\"852\" height=\"846\" src=\"https:\/\/nikolaus-kopernikus-gymnasium.de\/nkgweb\/wp-content\/uploads\/Postkarte-Europa.jpg\" alt=\"\" class=\"wp-image-4306\" style=\"width:545px;height:auto\" srcset=\"https:\/\/nikolaus-kopernikus-gymnasium.de\/nkgweb\/wp-content\/uploads\/Postkarte-Europa.jpg 852w, https:\/\/nikolaus-kopernikus-gymnasium.de\/nkgweb\/wp-content\/uploads\/Postkarte-Europa-300x298.jpg 300w, https:\/\/nikolaus-kopernikus-gymnasium.de\/nkgweb\/wp-content\/uploads\/Postkarte-Europa-150x150.jpg 150w\" sizes=\"(max-width: 852px) 100vw, 852px\" \/><figcaption class=\"wp-element-caption\">Postkarte der 10a zur Europawahl<\/figcaption><\/figure>\n\n\n\n<div style=\"height:27px\" aria-hidden=\"true\" class=\"wp-block-spacer\"><\/div>\n\n\n\n<p class=\"has-lightgrey-background-color has-background\">N\u00e4here Information unter: <a href=\"http:\/\/www.juniorwahl.de\/wir-auch.html\">www.juniorwahl.de\/wir-auch.html<\/a>. Ihr seid noch unentschlossen? Der Wahlomat kann helfen: <a href=\"https:\/\/www.wahl-o-mat.de\/europawahl2024\/app\/main_app.html\">https:\/\/www.wahl-o-mat.de\/europawahl2024\/app\/main_app.html<\/a><\/p>\n\n\n\n<div style=\"height:114px\" aria-hidden=\"true\" class=\"wp-block-spacer\"><\/div>\n","protected":false},"excerpt":{"rendered":"<p>Am 9. Juni 2024 wird das Europ\u00e4ische Parlament gew\u00e4hlt. An diesem Tag k\u00f6nnen alle wahlberechtigten B\u00fcrgerinnen und B\u00fcrger auch erstmalig ab 16 Jahren dar\u00fcber mitbestimmen, welche Parteien, welche Politikerinnen und Politiker in den kommenden f\u00fcnf Jahren \u00fcber die Gesetze der Europ\u00e4ischen Union beraten und entscheiden. Auch unsere Sch\u00fclerinnen und Sch\u00fcler werden zu den Wahlurnen gerufen. &hellip; <\/p>\n<p class=\"link-more\"><a href=\"https:\/\/nikolaus-kopernikus-gymnasium.de\/nkgweb\/index.php\/2024\/05\/20\/wir-waehlen-juniorwahl-zum-europaeischen-parlament\/\" class=\"more-link\">Mehr <span class=\"screen-reader-text\">\u00fcber &#8222;Wir w\u00e4hlen! Juniorwahl zum Europ\u00e4ischen Parlament&#8220; <\/span>Lesen<\/a><\/p>\n","protected":false},"author":6,"featured_media":4307,"comment_status":"closed","ping_status":"closed","sticky":false,"template":"","format":"standard","meta":{"footnotes":""},"categories":[1],"tags":[],"class_list":["post-4305","post","type-post","status-publish","format-standard","has-post-thumbnail","hentry","category-allgemein"],"_links":{"self":[{"href":"https:\/\/nikolaus-kopernikus-gymnasium.de\/nkgweb\/index.php\/wp-json\/wp\/v2\/posts\/4305","targetHints":{"allow":["GET"]}}],"collection":[{"href":"https:\/\/nikolaus-kopernikus-gymnasium.de\/nkgweb\/index.php\/wp-json\/wp\/v2\/posts"}],"about":[{"href":"https:\/\/nikolaus-kopernikus-gymnasium.de\/nkgweb\/index.php\/wp-json\/wp\/v2\/types\/post"}],"author":[{"embeddable":true,"href":"https:\/\/nikolaus-kopernikus-gymnasium.de\/nkgweb\/index.php\/wp-json\/wp\/v2\/users\/6"}],"replies":[{"embeddable":true,"href":"https:\/\/nikolaus-kopernikus-gymnasium.de\/nkgweb\/index.php\/wp-json\/wp\/v2\/comments?post=4305"}],"version-history":[{"count":5,"href":"https:\/\/nikolaus-kopernikus-gymnasium.de\/nkgweb\/index.php\/wp-json\/wp\/v2\/posts\/4305\/revisions"}],"predecessor-version":[{"id":4316,"href":"https:\/\/nikolaus-kopernikus-gymnasium.de\/nkgweb\/index.php\/wp-json\/wp\/v2\/posts\/4305\/revisions\/4316"}],"wp:featuredmedia":[{"embeddable":true,"href":"https:\/\/nikolaus-kopernikus-gymnasium.de\/nkgweb\/index.php\/wp-json\/wp\/v2\/media\/4307"}],"wp:attachment":[{"href":"https:\/\/nikolaus-kopernikus-gymnasium.de\/nkgweb\/index.php\/wp-json\/wp\/v2\/media?parent=4305"}],"wp:term":[{"taxonomy":"category","embeddable":true,"href":"https:\/\/nikolaus-kopernikus-gymnasium.de\/nkgweb\/index.php\/wp-json\/wp\/v2\/categories?post=4305"},{"taxonomy":"post_tag","embeddable":true,"href":"https:\/\/nikolaus-kopernikus-gymnasium.de\/nkgweb\/index.php\/wp-json\/wp\/v2\/tags?post=4305"}],"curies":[{"name":"wp","href":"https:\/\/api.w.org\/{rel}","templated":true}]}}