{"id":2676,"date":"2023-11-04T20:14:58","date_gmt":"2023-11-04T19:14:58","guid":{"rendered":"https:\/\/nikolaus-kopernikus-gymnasium.de\/nkgweb\/?p=2676"},"modified":"2023-11-04T20:28:10","modified_gmt":"2023-11-04T19:28:10","slug":"jubilaeumskonzert-20-jahre-musisch","status":"publish","type":"post","link":"https:\/\/nikolaus-kopernikus-gymnasium.de\/nkgweb\/index.php\/2023\/11\/04\/jubilaeumskonzert-20-jahre-musisch\/","title":{"rendered":"20 Jahre Musischer Zweig"},"content":{"rendered":"\t\t<div data-elementor-type=\"wp-post\" data-elementor-id=\"2676\" class=\"elementor elementor-2676\">\n\t\t\t\t\t\t<section class=\"elementor-section elementor-top-section elementor-element elementor-element-fc9a923 elementor-section-boxed elementor-section-height-default elementor-section-height-default\" data-id=\"fc9a923\" data-element_type=\"section\" data-e-type=\"section\">\n\t\t\t\t\t\t<div class=\"elementor-container elementor-column-gap-default\">\n\t\t\t\t\t<div class=\"elementor-column elementor-col-100 elementor-top-column elementor-element elementor-element-b44cb5e\" data-id=\"b44cb5e\" data-element_type=\"column\" data-e-type=\"column\">\n\t\t\t<div class=\"elementor-widget-wrap elementor-element-populated\">\n\t\t\t\t\t\t<div class=\"elementor-element elementor-element-818bbee elementor-widget elementor-widget-heading\" data-id=\"818bbee\" data-element_type=\"widget\" data-e-type=\"widget\" data-widget_type=\"heading.default\">\n\t\t\t\t<div class=\"elementor-widget-container\">\n\t\t\t\t\t<h2 class=\"elementor-heading-title elementor-size-default\">20 JAHRE MUSISCHER ZWEIG<\/h2>\t\t\t\t<\/div>\n\t\t\t\t<\/div>\n\t\t\t\t\t<\/div>\n\t\t<\/div>\n\t\t\t\t\t<\/div>\n\t\t<\/section>\n\t\t\t\t<section class=\"elementor-section elementor-top-section elementor-element elementor-element-5145c7d elementor-section-boxed elementor-section-height-default elementor-section-height-default\" data-id=\"5145c7d\" data-element_type=\"section\" data-e-type=\"section\">\n\t\t\t\t\t\t<div class=\"elementor-container elementor-column-gap-default\">\n\t\t\t\t\t<div class=\"elementor-column elementor-col-100 elementor-top-column elementor-element elementor-element-fae129d\" data-id=\"fae129d\" data-element_type=\"column\" data-e-type=\"column\">\n\t\t\t<div class=\"elementor-widget-wrap elementor-element-populated\">\n\t\t\t\t\t\t<div class=\"elementor-element elementor-element-5896653 elementor-widget elementor-widget-text-editor\" data-id=\"5896653\" data-element_type=\"widget\" data-e-type=\"widget\" data-widget_type=\"text-editor.default\">\n\t\t\t\t<div class=\"elementor-widget-container\">\n\t\t\t\t\t\t\t\t\t<p>Der Musische Zweig am NKG feiert sein 20-j\u00e4hriges Jubil\u00e4um. In den vergangenen zwei Jahrzehnten hat sich unser musische Zweig zu einer angesehenen Bildungseinrichtung im Landkreis Neu-Ulm entwickelt und ist f\u00fcr seine exzellente musikalische Ausbildung und die F\u00f6rderung von kreativen Talenten bekannt.<\/p><p>Wir laden Sie herzlich ein, mit uns diesen Anlass zu feiern. Am Sonntag, den 19. November 2023, um 11:00 Uhr, wird in unserer Aula ein festliches Konzert veranstaltet. An diesem Tag werden einige unserer Instrumentallehrer und Musiklehrer ihr K\u00f6nnen unter Beweis stellen. Musikalische Meisterwerke von Bach, Mozart, Brahms und Piazzolla warten auf ein begeisterungsf\u00e4higes Publikum.<\/p><p>Nach dem Konzert haben Sie die Gelegenheit, sich mit unseren Lehrern und anderen G\u00e4sten auszutauschen. Der Elternbeirat wird f\u00fcr Ihre Verpflegung vor und nach dem Konzert mit erfrischenden Getr\u00e4nken sorgen.<\/p><p>Da der Raum in unserer Aula begrenzt ist und wir etwa 200 G\u00e4ste erwarten, bitten wir Sie, bis sp\u00e4testens 10. November 2023, Ihre Platzreservierung vorzunehmen. Sie k\u00f6nnen dies entweder per E-Mail an sekretariat@gymnasium-weissenhorn.de oder telefonisch unter der Nummer 07309 96460 tun. Eine fr\u00fchzeitige Anmeldung wird empfohlen, um sicherzustellen, dass Sie dabei sein k\u00f6nnen.<\/p>\t\t\t\t\t\t\t\t<\/div>\n\t\t\t\t<\/div>\n\t\t\t\t\t<\/div>\n\t\t<\/div>\n\t\t\t\t\t<\/div>\n\t\t<\/section>\n\t\t\t\t<section class=\"elementor-section elementor-top-section elementor-element elementor-element-3dd5c81 elementor-section-boxed elementor-section-height-default elementor-section-height-default\" data-id=\"3dd5c81\" data-element_type=\"section\" data-e-type=\"section\">\n\t\t\t\t\t\t<div class=\"elementor-container elementor-column-gap-default\">\n\t\t\t\t\t<div class=\"elementor-column elementor-col-100 elementor-top-column elementor-element elementor-element-17f991d\" data-id=\"17f991d\" data-element_type=\"column\" data-e-type=\"column\">\n\t\t\t<div class=\"elementor-widget-wrap elementor-element-populated\">\n\t\t\t\t\t\t<div class=\"elementor-element elementor-element-29f54f7 elementor-widget elementor-widget-image\" data-id=\"29f54f7\" data-element_type=\"widget\" data-e-type=\"widget\" data-widget_type=\"image.default\">\n\t\t\t\t<div class=\"elementor-widget-container\">\n\t\t\t\t\t\t\t\t\t\t\t\t\t\t\t<img fetchpriority=\"high\" decoding=\"async\" width=\"1500\" height=\"2122\" src=\"https:\/\/nikolaus-kopernikus-gymnasium.de\/nkgweb\/wp-content\/uploads\/Plakat-20-Jahre-Musisch.png\" class=\"attachment-full size-full wp-image-2679\" alt=\"\" srcset=\"https:\/\/nikolaus-kopernikus-gymnasium.de\/nkgweb\/wp-content\/uploads\/Plakat-20-Jahre-Musisch.png 1500w, https:\/\/nikolaus-kopernikus-gymnasium.de\/nkgweb\/wp-content\/uploads\/Plakat-20-Jahre-Musisch-212x300.png 212w, https:\/\/nikolaus-kopernikus-gymnasium.de\/nkgweb\/wp-content\/uploads\/Plakat-20-Jahre-Musisch-724x1024.png 724w, https:\/\/nikolaus-kopernikus-gymnasium.de\/nkgweb\/wp-content\/uploads\/Plakat-20-Jahre-Musisch-768x1086.png 768w, https:\/\/nikolaus-kopernikus-gymnasium.de\/nkgweb\/wp-content\/uploads\/Plakat-20-Jahre-Musisch-1086x1536.png 1086w, https:\/\/nikolaus-kopernikus-gymnasium.de\/nkgweb\/wp-content\/uploads\/Plakat-20-Jahre-Musisch-1448x2048.png 1448w\" sizes=\"100vw\" \/>\t\t\t\t\t\t\t\t\t\t\t\t\t\t\t<\/div>\n\t\t\t\t<\/div>\n\t\t\t\t\t<\/div>\n\t\t<\/div>\n\t\t\t\t\t<\/div>\n\t\t<\/section>\n\t\t\t\t<\/div>\n\t\t","protected":false},"excerpt":{"rendered":"<p>Der Musische Zweig am NKG feiert sein 20-j\u00e4hriges Jubil\u00e4um. In den vergangenen zwei Jahrzehnten hat sich unser musische Zweig zu einer angesehenen Bildungseinrichtung im Landkreis Neu-Ulm entwickelt und ist f\u00fcr seine exzellente musikalische Ausbildung und die F\u00f6rderung von kreativen Talenten bekannt&#8230;<\/p>\n","protected":false},"author":4,"featured_media":2691,"comment_status":"closed","ping_status":"closed","sticky":false,"template":"","format":"standard","meta":{"footnotes":""},"categories":[1],"tags":[],"class_list":["post-2676","post","type-post","status-publish","format-standard","has-post-thumbnail","hentry","category-allgemein"],"_links":{"self":[{"href":"https:\/\/nikolaus-kopernikus-gymnasium.de\/nkgweb\/index.php\/wp-json\/wp\/v2\/posts\/2676","targetHints":{"allow":["GET"]}}],"collection":[{"href":"https:\/\/nikolaus-kopernikus-gymnasium.de\/nkgweb\/index.php\/wp-json\/wp\/v2\/posts"}],"about":[{"href":"https:\/\/nikolaus-kopernikus-gymnasium.de\/nkgweb\/index.php\/wp-json\/wp\/v2\/types\/post"}],"author":[{"embeddable":true,"href":"https:\/\/nikolaus-kopernikus-gymnasium.de\/nkgweb\/index.php\/wp-json\/wp\/v2\/users\/4"}],"replies":[{"embeddable":true,"href":"https:\/\/nikolaus-kopernikus-gymnasium.de\/nkgweb\/index.php\/wp-json\/wp\/v2\/comments?post=2676"}],"version-history":[{"count":19,"href":"https:\/\/nikolaus-kopernikus-gymnasium.de\/nkgweb\/index.php\/wp-json\/wp\/v2\/posts\/2676\/revisions"}],"predecessor-version":[{"id":2700,"href":"https:\/\/nikolaus-kopernikus-gymnasium.de\/nkgweb\/index.php\/wp-json\/wp\/v2\/posts\/2676\/revisions\/2700"}],"wp:featuredmedia":[{"embeddable":true,"href":"https:\/\/nikolaus-kopernikus-gymnasium.de\/nkgweb\/index.php\/wp-json\/wp\/v2\/media\/2691"}],"wp:attachment":[{"href":"https:\/\/nikolaus-kopernikus-gymnasium.de\/nkgweb\/index.php\/wp-json\/wp\/v2\/media?parent=2676"}],"wp:term":[{"taxonomy":"category","embeddable":true,"href":"https:\/\/nikolaus-kopernikus-gymnasium.de\/nkgweb\/index.php\/wp-json\/wp\/v2\/categories?post=2676"},{"taxonomy":"post_tag","embeddable":true,"href":"https:\/\/nikolaus-kopernikus-gymnasium.de\/nkgweb\/index.php\/wp-json\/wp\/v2\/tags?post=2676"}],"curies":[{"name":"wp","href":"https:\/\/api.w.org\/{rel}","templated":true}]}}