{"id":1672,"date":"2023-03-22T10:45:20","date_gmt":"2023-03-22T09:45:20","guid":{"rendered":"https:\/\/nikolaus-kopernikus-gymnasium.de\/nkgweb\/?p=1672"},"modified":"2023-03-22T10:46:14","modified_gmt":"2023-03-22T09:46:14","slug":"spendenaktion-fuer-die-menschen-in-der-tuerkei-und-in-syrien","status":"publish","type":"post","link":"https:\/\/nikolaus-kopernikus-gymnasium.de\/nkgweb\/index.php\/2023\/03\/22\/spendenaktion-fuer-die-menschen-in-der-tuerkei-und-in-syrien\/","title":{"rendered":"Spendenaktion f\u00fcr die Menschen in der T\u00fcrkei und in Syrien"},"content":{"rendered":"\n<div class=\"wp-block-media-text alignwide is-stacked-on-mobile is-vertically-aligned-center\"><figure class=\"wp-block-media-text__media\"><img fetchpriority=\"high\" decoding=\"async\" width=\"1024\" height=\"825\" src=\"https:\/\/nikolaus-kopernikus-gymnasium.de\/nkgweb\/wp-content\/uploads\/Spendenverkauf_Tuerkei_Syrien4-1024x825.jpg\" alt=\"\" class=\"wp-image-1673 size-full\" srcset=\"https:\/\/nikolaus-kopernikus-gymnasium.de\/nkgweb\/wp-content\/uploads\/Spendenverkauf_Tuerkei_Syrien4-1024x825.jpg 1024w, https:\/\/nikolaus-kopernikus-gymnasium.de\/nkgweb\/wp-content\/uploads\/Spendenverkauf_Tuerkei_Syrien4-300x242.jpg 300w, https:\/\/nikolaus-kopernikus-gymnasium.de\/nkgweb\/wp-content\/uploads\/Spendenverkauf_Tuerkei_Syrien4-768x619.jpg 768w, https:\/\/nikolaus-kopernikus-gymnasium.de\/nkgweb\/wp-content\/uploads\/Spendenverkauf_Tuerkei_Syrien4-1536x1237.jpg 1536w, https:\/\/nikolaus-kopernikus-gymnasium.de\/nkgweb\/wp-content\/uploads\/Spendenverkauf_Tuerkei_Syrien4-2048x1650.jpg 2048w, https:\/\/nikolaus-kopernikus-gymnasium.de\/nkgweb\/wp-content\/uploads\/Spendenverkauf_Tuerkei_Syrien4-2000x1611.jpg 2000w\" sizes=\"(max-width: 1024px) 100vw, 1024px\" \/><\/figure><div class=\"wp-block-media-text__content\">\n<p>&#8222;Als an einem Montagmorgen, am 6.Februar, lebensfeindliche Bilder aus der T\u00fcrkei und Syrien zu sehen waren, f\u00fchlten wir uns sofort verpflichtet, den Betroffenen zu helfen. Es dauerte nicht lang, bis wir mit unserem Schulleiter, Gerhard Lantenhammer, in Kontakt traten und er uns ohne zu z\u00f6gern die Erlaubnis gab, mithilfe einer Spendenbox Geld f\u00fcr die Opfer dieser Trag\u00f6die zu sammeln. So wollten wir diese am Dienstag der folgenden Woche aufstellen, als wir am Tag vor Beginn der Aktion, inspiriert von der Realschule, die Idee hatten, einen Verkauf zu organisieren. W\u00e4hrend wir, nur ein paar geplante Kuchen erwartend, mit dem Verkauf beginnen wollten, wurden wir von einer unerwarteten Menge an verschiedensten Speisen \u00fcberw\u00e4ltigt. Wir waren erstaunt, als wir sahen, in welchen enormen Massen die Leute uns leerkauften. Nachdem wir an drei Tagen den Verkauf betrieben hatten, z\u00e4hlten wir einen sensationellen Betrag von 2000 \u20ac und empfanden eine gro\u00dfe Freude, als wir mitbekamen, dass zwei Sch\u00fclerinnen, mit dem Sammeln von weiteren 300 \u20ac in ihrem Dorf, ihre Hilfsbereitschaft bewiesen.&#8220;<\/p>\n<\/div><\/div>\n\n\n\n<div class=\"wp-block-media-text alignwide has-media-on-the-right is-stacked-on-mobile\"><div class=\"wp-block-media-text__content\">\n<p>&#8222;Mit dieser mehr als bemerkenswerten Summe dachten wir, die Aktion nun hinter uns zu lassen, allerdings kamen wir dann auf die Idee, am Tag der offenen T\u00fcr erneut einen Verkauf abzuhalten und es gelang uns bei diesem Anlass weitere 1500 \u20ac zu sammeln. Ein riesiger Dank geht an die Familien Koyun, Kaymas und \u00d6zcan, an Berna Demirtas, Aliye Agirbas, Seng\u00fcl Ilbasi und Dogancan Center Neu-Ulm, die uns eine k\u00f6stliche Auswahl bereitstellten, an die K\u00e4ufer und Spender, die unseren Stand mit \u00fcberragender Freigiebigkeit \u00fcberfluteten, an die Verk\u00e4ufer, die trotz des Ansturms, nicht den \u00dcberblick verloren, sowie an die beiden Sch\u00fclerinnen, Mila Friedrich (6c) und Anna Schmid (6b), die mit ihrem Engagement ihre Betroffenheit zum Ausdruck brachten. Es erf\u00fcllt uns mit Freude, zu sp\u00fcren, wie hilfsbereit ihr uns entgegengekommen seid. Es erf\u00fcllt uns mit Dankbarkeit, zu sehen, wie gro\u00dfz\u00fcgig ihr die freigiebigsten Betr\u00e4ge hinterlassen habt. Und es erf\u00fcllt uns mit Stolz, festzustellen, wieviel wir erreichen k\u00f6nnen, wenn wir mit genug Einsatz und Zielstrebigkeit arbeiten. Wir \u00fcberweisen die gespendeten 4000 Euro an die Organisationen AFAD, Shelterbox und an die Wei\u00dfhelme.&#8220;<\/p>\n<\/div><figure class=\"wp-block-media-text__media\"><img decoding=\"async\" width=\"1024\" height=\"1021\" src=\"https:\/\/nikolaus-kopernikus-gymnasium.de\/nkgweb\/wp-content\/uploads\/SpendenverkaufTuerkei_Syrien2-1024x1021.jpg\" alt=\"\" class=\"wp-image-1674 size-full\" srcset=\"https:\/\/nikolaus-kopernikus-gymnasium.de\/nkgweb\/wp-content\/uploads\/SpendenverkaufTuerkei_Syrien2-1024x1021.jpg 1024w, https:\/\/nikolaus-kopernikus-gymnasium.de\/nkgweb\/wp-content\/uploads\/SpendenverkaufTuerkei_Syrien2-300x300.jpg 300w, https:\/\/nikolaus-kopernikus-gymnasium.de\/nkgweb\/wp-content\/uploads\/SpendenverkaufTuerkei_Syrien2-150x150.jpg 150w, https:\/\/nikolaus-kopernikus-gymnasium.de\/nkgweb\/wp-content\/uploads\/SpendenverkaufTuerkei_Syrien2-768x766.jpg 768w, https:\/\/nikolaus-kopernikus-gymnasium.de\/nkgweb\/wp-content\/uploads\/SpendenverkaufTuerkei_Syrien2-1536x1531.jpg 1536w, https:\/\/nikolaus-kopernikus-gymnasium.de\/nkgweb\/wp-content\/uploads\/SpendenverkaufTuerkei_Syrien2-2048x2042.jpg 2048w, https:\/\/nikolaus-kopernikus-gymnasium.de\/nkgweb\/wp-content\/uploads\/SpendenverkaufTuerkei_Syrien2-2000x1994.jpg 2000w\" sizes=\"(max-width: 1024px) 100vw, 1024px\" \/><\/figure><\/div>\n\n\n\n<p class=\"has-text-align-left\"><em><strong>von Kenan Koyun und Esad Kaymas (9c)<\/strong><\/em><\/p>\n\n\n\n<div style=\"height:100px\" aria-hidden=\"true\" class=\"wp-block-spacer\"><\/div>\n","protected":false},"excerpt":{"rendered":"<p>&#8222;Als an einem Montagmorgen, am 6.Februar, lebensfeindliche Bilder aus der T\u00fcrkei und Syrien zu sehen waren, f\u00fchlten wir uns sofort verpflichtet, den Betroffenen zu helfen. Es dauerte nicht lang, bis wir mit unserem Schulleiter, Gerhard Lantenhammer, in Kontakt traten und er uns ohne zu z\u00f6gern die Erlaubnis gab, mithilfe einer Spendenbox Geld f\u00fcr die Opfer &hellip; <\/p>\n<p class=\"link-more\"><a href=\"https:\/\/nikolaus-kopernikus-gymnasium.de\/nkgweb\/index.php\/2023\/03\/22\/spendenaktion-fuer-die-menschen-in-der-tuerkei-und-in-syrien\/\" class=\"more-link\">Mehr <span class=\"screen-reader-text\">\u00fcber &#8222;Spendenaktion f\u00fcr die Menschen in der T\u00fcrkei und in Syrien&#8220; <\/span>Lesen<\/a><\/p>\n","protected":false},"author":2,"featured_media":1673,"comment_status":"closed","ping_status":"closed","sticky":false,"template":"","format":"standard","meta":{"footnotes":""},"categories":[1],"tags":[],"class_list":["post-1672","post","type-post","status-publish","format-standard","has-post-thumbnail","hentry","category-allgemein"],"_links":{"self":[{"href":"https:\/\/nikolaus-kopernikus-gymnasium.de\/nkgweb\/index.php\/wp-json\/wp\/v2\/posts\/1672","targetHints":{"allow":["GET"]}}],"collection":[{"href":"https:\/\/nikolaus-kopernikus-gymnasium.de\/nkgweb\/index.php\/wp-json\/wp\/v2\/posts"}],"about":[{"href":"https:\/\/nikolaus-kopernikus-gymnasium.de\/nkgweb\/index.php\/wp-json\/wp\/v2\/types\/post"}],"author":[{"embeddable":true,"href":"https:\/\/nikolaus-kopernikus-gymnasium.de\/nkgweb\/index.php\/wp-json\/wp\/v2\/users\/2"}],"replies":[{"embeddable":true,"href":"https:\/\/nikolaus-kopernikus-gymnasium.de\/nkgweb\/index.php\/wp-json\/wp\/v2\/comments?post=1672"}],"version-history":[{"count":2,"href":"https:\/\/nikolaus-kopernikus-gymnasium.de\/nkgweb\/index.php\/wp-json\/wp\/v2\/posts\/1672\/revisions"}],"predecessor-version":[{"id":1676,"href":"https:\/\/nikolaus-kopernikus-gymnasium.de\/nkgweb\/index.php\/wp-json\/wp\/v2\/posts\/1672\/revisions\/1676"}],"wp:featuredmedia":[{"embeddable":true,"href":"https:\/\/nikolaus-kopernikus-gymnasium.de\/nkgweb\/index.php\/wp-json\/wp\/v2\/media\/1673"}],"wp:attachment":[{"href":"https:\/\/nikolaus-kopernikus-gymnasium.de\/nkgweb\/index.php\/wp-json\/wp\/v2\/media?parent=1672"}],"wp:term":[{"taxonomy":"category","embeddable":true,"href":"https:\/\/nikolaus-kopernikus-gymnasium.de\/nkgweb\/index.php\/wp-json\/wp\/v2\/categories?post=1672"},{"taxonomy":"post_tag","embeddable":true,"href":"https:\/\/nikolaus-kopernikus-gymnasium.de\/nkgweb\/index.php\/wp-json\/wp\/v2\/tags?post=1672"}],"curies":[{"name":"wp","href":"https:\/\/api.w.org\/{rel}","templated":true}]}}