{"id":1600,"date":"2023-03-14T16:37:18","date_gmt":"2023-03-14T15:37:18","guid":{"rendered":"https:\/\/nikolaus-kopernikus-gymnasium.de\/nkgweb\/?p=1600"},"modified":"2023-03-14T16:41:27","modified_gmt":"2023-03-14T15:41:27","slug":"musizieren-im-orchester-der-gymnasien-schwabens","status":"publish","type":"post","link":"https:\/\/nikolaus-kopernikus-gymnasium.de\/nkgweb\/index.php\/2023\/03\/14\/musizieren-im-orchester-der-gymnasien-schwabens\/","title":{"rendered":"Musizieren im Orchester der Gymnasien Schwabens"},"content":{"rendered":"\n<p>Nach zwei Jahren Corona-Pause war es endlich wieder so weit!<\/p>\n\n\n\n<p>Vom 29. Januar bis zum 03. Februar 2023 fand die Probenphase des Orchesters der Gymnasien Schwabens unter der Leitung von Stephan Dollansky statt.<\/p>\n\n\n\n<p>Wir, Noa, David, Johanna und Angelika haben die M\u00f6glichkeit erhalten, daran teilzunehmen.<\/p>\n\n\n\n<p>Nat\u00fcrlich waren wir sofort dabei!<\/p>\n\n\n\n<p>Gemeinsam mit 90 anderen Musiker*innen der schw\u00e4bischen Gymnasien trafen wir uns in der bayerischen Musikakademie in Marktoberdorf. Gleich am Nachmittag fand unsere erste gemeinsame Probe statt und an den darauffolgenden Tagen haben wir flei\u00dfig in Register- und Tuttiproben musiziert.<\/p>\n\n\n\n<p>Der H\u00f6hepunkt der Probenphase waren die beiden Konzerte im Richard-Wengenmeier-Saal in Marktoberdorf und im Forum G\u00fcnzburg. Wir begeisterten das Publikum mit Werken von Humperdinck, Borodin und Korsakow. Besonders das Cellokonzert op.85 von Edward Elgar, gespielt von Johannes K\u00f6nig, brachte unsere Zuh\u00f6rer zum Staunen. Abgerundet wurden die beiden Konzerte mit der Zugabe \u201eNorwegische T\u00e4nze Nr.2\u201c von Edward Grieg.<\/p>\n\n\n\n<p>Zusammenfassend l\u00e4sst sich sagen, dass es f\u00fcr uns pers\u00f6nlich eine lehrreiche und unvergessliche Erfahrung war. Wir freuen uns schon auf die n\u00e4chste Probenphase im Jahr 2024!<\/p>\n\n\n\n<p>Text: Noa, Angelika, Johanna, David<\/p>\n\n\n\n<figure class=\"wp-block-image size-large\"><img fetchpriority=\"high\" decoding=\"async\" width=\"812\" height=\"1024\" src=\"https:\/\/nikolaus-kopernikus-gymnasium.de\/nkgweb\/wp-content\/uploads\/MicrosoftTeams-image-15-812x1024.jpg\" alt=\"\" class=\"wp-image-1601\" srcset=\"https:\/\/nikolaus-kopernikus-gymnasium.de\/nkgweb\/wp-content\/uploads\/MicrosoftTeams-image-15-812x1024.jpg 812w, https:\/\/nikolaus-kopernikus-gymnasium.de\/nkgweb\/wp-content\/uploads\/MicrosoftTeams-image-15-238x300.jpg 238w, https:\/\/nikolaus-kopernikus-gymnasium.de\/nkgweb\/wp-content\/uploads\/MicrosoftTeams-image-15-768x969.jpg 768w, https:\/\/nikolaus-kopernikus-gymnasium.de\/nkgweb\/wp-content\/uploads\/MicrosoftTeams-image-15-1218x1536.jpg 1218w, https:\/\/nikolaus-kopernikus-gymnasium.de\/nkgweb\/wp-content\/uploads\/MicrosoftTeams-image-15-1623x2048.jpg 1623w, https:\/\/nikolaus-kopernikus-gymnasium.de\/nkgweb\/wp-content\/uploads\/MicrosoftTeams-image-15-2000x2523.jpg 2000w, https:\/\/nikolaus-kopernikus-gymnasium.de\/nkgweb\/wp-content\/uploads\/MicrosoftTeams-image-15.jpg 2023w\" sizes=\"(max-width: 812px) 100vw, 812px\" \/><\/figure>\n","protected":false},"excerpt":{"rendered":"<p>Nach zwei Jahren Corona-Pause war es endlich wieder so weit! Vom 29. Januar bis zum 03. Februar 2023 fand die Probenphase des Orchesters der Gymnasien Schwabens unter der Leitung von Stephan Dollansky statt. Wir, Noa, David, Johanna und Angelika haben die M\u00f6glichkeit erhalten, daran teilzunehmen. Nat\u00fcrlich waren wir sofort dabei! Gemeinsam mit 90 anderen Musiker*innen &hellip; <\/p>\n<p class=\"link-more\"><a href=\"https:\/\/nikolaus-kopernikus-gymnasium.de\/nkgweb\/index.php\/2023\/03\/14\/musizieren-im-orchester-der-gymnasien-schwabens\/\" class=\"more-link\">Mehr <span class=\"screen-reader-text\">\u00fcber &#8222;Musizieren im Orchester der Gymnasien Schwabens&#8220; <\/span>Lesen<\/a><\/p>\n","protected":false},"author":3,"featured_media":1605,"comment_status":"closed","ping_status":"closed","sticky":false,"template":"","format":"standard","meta":{"footnotes":""},"categories":[1],"tags":[],"class_list":["post-1600","post","type-post","status-publish","format-standard","has-post-thumbnail","hentry","category-allgemein"],"_links":{"self":[{"href":"https:\/\/nikolaus-kopernikus-gymnasium.de\/nkgweb\/index.php\/wp-json\/wp\/v2\/posts\/1600","targetHints":{"allow":["GET"]}}],"collection":[{"href":"https:\/\/nikolaus-kopernikus-gymnasium.de\/nkgweb\/index.php\/wp-json\/wp\/v2\/posts"}],"about":[{"href":"https:\/\/nikolaus-kopernikus-gymnasium.de\/nkgweb\/index.php\/wp-json\/wp\/v2\/types\/post"}],"author":[{"embeddable":true,"href":"https:\/\/nikolaus-kopernikus-gymnasium.de\/nkgweb\/index.php\/wp-json\/wp\/v2\/users\/3"}],"replies":[{"embeddable":true,"href":"https:\/\/nikolaus-kopernikus-gymnasium.de\/nkgweb\/index.php\/wp-json\/wp\/v2\/comments?post=1600"}],"version-history":[{"count":3,"href":"https:\/\/nikolaus-kopernikus-gymnasium.de\/nkgweb\/index.php\/wp-json\/wp\/v2\/posts\/1600\/revisions"}],"predecessor-version":[{"id":1607,"href":"https:\/\/nikolaus-kopernikus-gymnasium.de\/nkgweb\/index.php\/wp-json\/wp\/v2\/posts\/1600\/revisions\/1607"}],"wp:featuredmedia":[{"embeddable":true,"href":"https:\/\/nikolaus-kopernikus-gymnasium.de\/nkgweb\/index.php\/wp-json\/wp\/v2\/media\/1605"}],"wp:attachment":[{"href":"https:\/\/nikolaus-kopernikus-gymnasium.de\/nkgweb\/index.php\/wp-json\/wp\/v2\/media?parent=1600"}],"wp:term":[{"taxonomy":"category","embeddable":true,"href":"https:\/\/nikolaus-kopernikus-gymnasium.de\/nkgweb\/index.php\/wp-json\/wp\/v2\/categories?post=1600"},{"taxonomy":"post_tag","embeddable":true,"href":"https:\/\/nikolaus-kopernikus-gymnasium.de\/nkgweb\/index.php\/wp-json\/wp\/v2\/tags?post=1600"}],"curies":[{"name":"wp","href":"https:\/\/api.w.org\/{rel}","templated":true}]}}