{"id":1534,"date":"2023-02-12T20:37:48","date_gmt":"2023-02-12T19:37:48","guid":{"rendered":"https:\/\/nikolaus-kopernikus-gymnasium.de\/nkgweb\/?p=1534"},"modified":"2023-02-13T07:58:52","modified_gmt":"2023-02-13T06:58:52","slug":"nikolaus-kopernikus-wird-550-jahre-alt","status":"publish","type":"post","link":"https:\/\/nikolaus-kopernikus-gymnasium.de\/nkgweb\/index.php\/2023\/02\/12\/nikolaus-kopernikus-wird-550-jahre-alt\/","title":{"rendered":"Nikolaus Kopernikus wird 550 Jahre alt"},"content":{"rendered":"\n<div class=\"wp-block-media-text alignwide is-stacked-on-mobile\"><figure class=\"wp-block-media-text__media\"><img fetchpriority=\"high\" decoding=\"async\" width=\"663\" height=\"1024\" src=\"https:\/\/nikolaus-kopernikus-gymnasium.de\/nkgweb\/wp-content\/uploads\/COPERNICUS-550-Plakat-663x1024.jpg\" alt=\"\" class=\"wp-image-1535 size-full\" srcset=\"https:\/\/nikolaus-kopernikus-gymnasium.de\/nkgweb\/wp-content\/uploads\/COPERNICUS-550-Plakat-663x1024.jpg 663w, https:\/\/nikolaus-kopernikus-gymnasium.de\/nkgweb\/wp-content\/uploads\/COPERNICUS-550-Plakat-194x300.jpg 194w, https:\/\/nikolaus-kopernikus-gymnasium.de\/nkgweb\/wp-content\/uploads\/COPERNICUS-550-Plakat-768x1187.jpg 768w, https:\/\/nikolaus-kopernikus-gymnasium.de\/nkgweb\/wp-content\/uploads\/COPERNICUS-550-Plakat-994x1536.jpg 994w, https:\/\/nikolaus-kopernikus-gymnasium.de\/nkgweb\/wp-content\/uploads\/COPERNICUS-550-Plakat.jpg 1056w\" sizes=\"(max-width: 663px) 100vw, 663px\" \/><\/figure><div class=\"wp-block-media-text__content\">\n<p><strong>Nikolaus Kopernikus wird 550 Jahre alt.<\/strong><\/p>\n\n\n\n<p>Aus diesem Grund widmen wir ihm am <strong>10.\/11.\/12.03.2023<\/strong> das Musical <strong>Copernicus 550<\/strong>.<\/p>\n\n\n\n<p>Mit Humor und Phantasie wird erz\u00e4hlt, wie Nikolaus Kopernikus seine weltver\u00e4ndernde Entdeckung macht, diese vor Widersachern sch\u00fctzen muss und dabei viel erlebt.<br>Welche Rolle spielt unsere Schule dabei? Nun, lassen Sie sich \u00fcberraschen!<\/p>\n\n\n\n<p>Gestaltet von Unterstufenchor, Junior Big Band, Rock Band und der NKG Big Band mit Musik aus \u201eThe Greatest Showman\u201c sowie Rockmusik von Toto, Kansas und Journey.<\/p>\n\n\n\n<p>Der Eintritt ist frei. F\u00fcr Ihr kulinarisches Wohlergehen sorgt vor und w\u00e4hrend der Veranstaltung der Elternbeirat.<\/p>\n\n\n\n<p>Da die Mensa einen sehr begrenzten Publikumsraum bietet, empfiehlt es sich ab sofort \u00fcber das Sekretariat (07309 96460) eine Platzreservierung vorzunehmen.<\/p>\n\n\n\n<p>(Ansprechpartner: Dominik Klein)<\/p>\n<\/div><\/div>\n","protected":false},"excerpt":{"rendered":"<p>Nikolaus Kopernikus wird 550 Jahre alt. Aus diesem Grund widmen wir ihm am 10.\/11.\/12.03.2023 das Musical Copernicus 550. Mit Humor und Phantasie wird erz\u00e4hlt, wie Nikolaus Kopernikus seine weltver\u00e4ndernde Entdeckung macht, diese vor Widersachern sch\u00fctzen muss und dabei viel erlebt.Welche Rolle spielt unsere Schule dabei? Nun, lassen Sie sich \u00fcberraschen! Gestaltet von Unterstufenchor, Junior Big &hellip; <\/p>\n<p class=\"link-more\"><a href=\"https:\/\/nikolaus-kopernikus-gymnasium.de\/nkgweb\/index.php\/2023\/02\/12\/nikolaus-kopernikus-wird-550-jahre-alt\/\" class=\"more-link\">Mehr <span class=\"screen-reader-text\">\u00fcber &#8222;Nikolaus Kopernikus wird 550 Jahre alt&#8220; <\/span>Lesen<\/a><\/p>\n","protected":false},"author":2,"featured_media":1535,"comment_status":"closed","ping_status":"closed","sticky":false,"template":"","format":"standard","meta":{"footnotes":""},"categories":[1],"tags":[9],"class_list":["post-1534","post","type-post","status-publish","format-standard","has-post-thumbnail","hentry","category-allgemein","tag-highlight"],"_links":{"self":[{"href":"https:\/\/nikolaus-kopernikus-gymnasium.de\/nkgweb\/index.php\/wp-json\/wp\/v2\/posts\/1534","targetHints":{"allow":["GET"]}}],"collection":[{"href":"https:\/\/nikolaus-kopernikus-gymnasium.de\/nkgweb\/index.php\/wp-json\/wp\/v2\/posts"}],"about":[{"href":"https:\/\/nikolaus-kopernikus-gymnasium.de\/nkgweb\/index.php\/wp-json\/wp\/v2\/types\/post"}],"author":[{"embeddable":true,"href":"https:\/\/nikolaus-kopernikus-gymnasium.de\/nkgweb\/index.php\/wp-json\/wp\/v2\/users\/2"}],"replies":[{"embeddable":true,"href":"https:\/\/nikolaus-kopernikus-gymnasium.de\/nkgweb\/index.php\/wp-json\/wp\/v2\/comments?post=1534"}],"version-history":[{"count":3,"href":"https:\/\/nikolaus-kopernikus-gymnasium.de\/nkgweb\/index.php\/wp-json\/wp\/v2\/posts\/1534\/revisions"}],"predecessor-version":[{"id":1538,"href":"https:\/\/nikolaus-kopernikus-gymnasium.de\/nkgweb\/index.php\/wp-json\/wp\/v2\/posts\/1534\/revisions\/1538"}],"wp:featuredmedia":[{"embeddable":true,"href":"https:\/\/nikolaus-kopernikus-gymnasium.de\/nkgweb\/index.php\/wp-json\/wp\/v2\/media\/1535"}],"wp:attachment":[{"href":"https:\/\/nikolaus-kopernikus-gymnasium.de\/nkgweb\/index.php\/wp-json\/wp\/v2\/media?parent=1534"}],"wp:term":[{"taxonomy":"category","embeddable":true,"href":"https:\/\/nikolaus-kopernikus-gymnasium.de\/nkgweb\/index.php\/wp-json\/wp\/v2\/categories?post=1534"},{"taxonomy":"post_tag","embeddable":true,"href":"https:\/\/nikolaus-kopernikus-gymnasium.de\/nkgweb\/index.php\/wp-json\/wp\/v2\/tags?post=1534"}],"curies":[{"name":"wp","href":"https:\/\/api.w.org\/{rel}","templated":true}]}}