{"id":1366,"date":"2022-12-19T13:49:27","date_gmt":"2022-12-19T12:49:27","guid":{"rendered":"https:\/\/nikolaus-kopernikus-gymnasium.de\/nkgweb\/?p=1366"},"modified":"2022-12-19T13:49:27","modified_gmt":"2022-12-19T12:49:27","slug":"herausfordernd-informativ-emotional-wichtig-projekt-lebensmelodien-zum-gedenktag-am-27-01-2023","status":"publish","type":"post","link":"https:\/\/nikolaus-kopernikus-gymnasium.de\/nkgweb\/index.php\/2022\/12\/19\/herausfordernd-informativ-emotional-wichtig-projekt-lebensmelodien-zum-gedenktag-am-27-01-2023\/","title":{"rendered":"\u201eherausfordernd, informativ, emotional \u2026 WICHTIG\u201c \u2013 Projekt \u201eLebensmelodien\u201c zum Gedenktag am 27.01.2023"},"content":{"rendered":"\n<p>Am 22.11.2022 kam Nur Ben Shalom, der k\u00fcnstlerische Leiter des Projekts Lebensmelodien, an unsere Schule um mit 24 Sch\u00fclerInnen der Q12 unter Leitung von Frau G\u00f6bel und Herrn Keck und mit der gro\u00dfen Unterst\u00fctzung von Herrn Treutlein die Veranstaltung am 27.01.2023 vorzubereiten.<\/p>\n\n\n\n<p>Das Projekt \u201eLebensmelodien\u201c f\u00fchrt j\u00fcdische Melodien auf, die in der Zeit von 1933 bis 1945 komponiert und gesungen, manchmal auch aufgeschrieben wurden. Die Lebensmelodien sind musikalische Werke, die gr\u00f6\u00dftenteils in Vergessenheit geraten sind und jetzt, mehr als 77 Jahre sp\u00e4ter, wieder erklingen sollen. Seit 2022 f\u00fchrt das Team der Lebensmelodien neben Konzerten auch Workshops an Schulen durch. Durch die Konzerte und das Bildungsprojekt vermitteln die Lebensmelodien einen Einblick in die j\u00fcdische Kultur und tragen zu einer aktiven Erinnerungskultur in Deutschland und zum Kampf gegen Antisemitismus bei. Unterst\u00fctzt wird das Projekt vom Antisemitismusbeauftragten der Bundesregierung, Dr. Felix Klein und der Friede Springer Stiftung.<\/p>\n\n\n\n<p>Nach einer intensiven und interessanten Erarbeitungsphase \u00fcber die ostj\u00fcdische Geschichte trennten sich die Sch\u00fclerinnen und Sch\u00fcler in zwei Gruppen. Die TeilnehmerInnen des Additums Musik studierten mit Herrn Keck und Nur Ben Shalom die Musikst\u00fccke ein, w\u00e4hrend die anderen Texte mit Hintergrundinformationen zu den einzelnen Liedern erhielten. Auf deren Basis erarbeiteten sie erste Ans\u00e4tze f\u00fcr eine m\u00f6gliche Gestaltung der Einf\u00fchrungen zu den einzelnen Melodien.<\/p>\n\n\n\n<p>Die Sch\u00fclerInnen gaben folgende \u00c4u\u00dferungen als R\u00fcckmeldung zum ersten Treffen im Projekt: eindr\u00fccklich, spannend, bedeutungsvoll, bewegend, lehrreich, emotional, \u2026<\/p>\n\n\n\n<p>Im Januar ist ein weiteres Treffen zur Vorbereitung des Konzerts geplant, bevor im Ratssaal in Wei\u00dfenhorn am Abend des 27.01.2023 die \u201eLebensmelodien\u201c erklingen und wir interessante Hintergrundinformationen erhalten.<\/p>\n\n\n\n<p>Moria Zobel, Q12, Monika G\u00f6bel<\/p>\n\n\n\n<figure class=\"wp-block-gallery has-nested-images columns-default is-cropped wp-block-gallery-1 is-layout-flex wp-block-gallery-is-layout-flex\">\n<figure class=\"wp-block-image size-large\"><img fetchpriority=\"high\" decoding=\"async\" width=\"1024\" height=\"575\" data-id=\"1373\" src=\"https:\/\/nikolaus-kopernikus-gymnasium.de\/nkgweb\/wp-content\/uploads\/IMG_2373-1024x575.jpg\" alt=\"\" class=\"wp-image-1373\" srcset=\"https:\/\/nikolaus-kopernikus-gymnasium.de\/nkgweb\/wp-content\/uploads\/IMG_2373-1024x575.jpg 1024w, https:\/\/nikolaus-kopernikus-gymnasium.de\/nkgweb\/wp-content\/uploads\/IMG_2373-300x168.jpg 300w, https:\/\/nikolaus-kopernikus-gymnasium.de\/nkgweb\/wp-content\/uploads\/IMG_2373-768x431.jpg 768w, https:\/\/nikolaus-kopernikus-gymnasium.de\/nkgweb\/wp-content\/uploads\/IMG_2373-1536x862.jpg 1536w, https:\/\/nikolaus-kopernikus-gymnasium.de\/nkgweb\/wp-content\/uploads\/IMG_2373-2048x1150.jpg 2048w, https:\/\/nikolaus-kopernikus-gymnasium.de\/nkgweb\/wp-content\/uploads\/IMG_2373-2000x1123.jpg 2000w\" sizes=\"(max-width: 1024px) 100vw, 1024px\" \/><\/figure>\n\n\n\n<figure class=\"wp-block-image size-large\"><img decoding=\"async\" width=\"1024\" height=\"575\" data-id=\"1372\" src=\"https:\/\/nikolaus-kopernikus-gymnasium.de\/nkgweb\/wp-content\/uploads\/IMG_2395-1-1024x575.jpg\" alt=\"\" class=\"wp-image-1372\" srcset=\"https:\/\/nikolaus-kopernikus-gymnasium.de\/nkgweb\/wp-content\/uploads\/IMG_2395-1-1024x575.jpg 1024w, https:\/\/nikolaus-kopernikus-gymnasium.de\/nkgweb\/wp-content\/uploads\/IMG_2395-1-300x168.jpg 300w, https:\/\/nikolaus-kopernikus-gymnasium.de\/nkgweb\/wp-content\/uploads\/IMG_2395-1-768x431.jpg 768w, https:\/\/nikolaus-kopernikus-gymnasium.de\/nkgweb\/wp-content\/uploads\/IMG_2395-1-1536x862.jpg 1536w, https:\/\/nikolaus-kopernikus-gymnasium.de\/nkgweb\/wp-content\/uploads\/IMG_2395-1-2048x1150.jpg 2048w, https:\/\/nikolaus-kopernikus-gymnasium.de\/nkgweb\/wp-content\/uploads\/IMG_2395-1-2000x1123.jpg 2000w\" sizes=\"(max-width: 1024px) 100vw, 1024px\" \/><\/figure>\n\n\n\n<figure class=\"wp-block-image size-large\"><img decoding=\"async\" width=\"1024\" height=\"575\" data-id=\"1371\" src=\"https:\/\/nikolaus-kopernikus-gymnasium.de\/nkgweb\/wp-content\/uploads\/IMG_2403-1-1024x575.jpg\" alt=\"\" class=\"wp-image-1371\" srcset=\"https:\/\/nikolaus-kopernikus-gymnasium.de\/nkgweb\/wp-content\/uploads\/IMG_2403-1-1024x575.jpg 1024w, https:\/\/nikolaus-kopernikus-gymnasium.de\/nkgweb\/wp-content\/uploads\/IMG_2403-1-300x168.jpg 300w, https:\/\/nikolaus-kopernikus-gymnasium.de\/nkgweb\/wp-content\/uploads\/IMG_2403-1-768x431.jpg 768w, https:\/\/nikolaus-kopernikus-gymnasium.de\/nkgweb\/wp-content\/uploads\/IMG_2403-1-1536x862.jpg 1536w, https:\/\/nikolaus-kopernikus-gymnasium.de\/nkgweb\/wp-content\/uploads\/IMG_2403-1-2048x1150.jpg 2048w, https:\/\/nikolaus-kopernikus-gymnasium.de\/nkgweb\/wp-content\/uploads\/IMG_2403-1-2000x1123.jpg 2000w\" sizes=\"(max-width: 1024px) 100vw, 1024px\" \/><\/figure>\n<\/figure>\n","protected":false},"excerpt":{"rendered":"<p>Am 22.11.2022 kam Nur Ben Shalom, der k\u00fcnstlerische Leiter des Projekts Lebensmelodien, an unsere Schule um mit 24 Sch\u00fclerInnen der Q12 unter Leitung von Frau G\u00f6bel und Herrn Keck und mit der gro\u00dfen Unterst\u00fctzung von Herrn Treutlein die Veranstaltung am 27.01.2023 vorzubereiten. Das Projekt \u201eLebensmelodien\u201c f\u00fchrt j\u00fcdische Melodien auf, die in der Zeit von 1933 &hellip; <\/p>\n<p class=\"link-more\"><a href=\"https:\/\/nikolaus-kopernikus-gymnasium.de\/nkgweb\/index.php\/2022\/12\/19\/herausfordernd-informativ-emotional-wichtig-projekt-lebensmelodien-zum-gedenktag-am-27-01-2023\/\" class=\"more-link\">Mehr <span class=\"screen-reader-text\">\u00fcber &#8222;\u201eherausfordernd, informativ, emotional \u2026 WICHTIG\u201c \u2013 Projekt \u201eLebensmelodien\u201c zum Gedenktag am 27.01.2023&#8220; <\/span>Lesen<\/a><\/p>\n","protected":false},"author":3,"featured_media":1367,"comment_status":"closed","ping_status":"closed","sticky":false,"template":"","format":"standard","meta":{"footnotes":""},"categories":[1],"tags":[],"class_list":["post-1366","post","type-post","status-publish","format-standard","has-post-thumbnail","hentry","category-allgemein"],"_links":{"self":[{"href":"https:\/\/nikolaus-kopernikus-gymnasium.de\/nkgweb\/index.php\/wp-json\/wp\/v2\/posts\/1366","targetHints":{"allow":["GET"]}}],"collection":[{"href":"https:\/\/nikolaus-kopernikus-gymnasium.de\/nkgweb\/index.php\/wp-json\/wp\/v2\/posts"}],"about":[{"href":"https:\/\/nikolaus-kopernikus-gymnasium.de\/nkgweb\/index.php\/wp-json\/wp\/v2\/types\/post"}],"author":[{"embeddable":true,"href":"https:\/\/nikolaus-kopernikus-gymnasium.de\/nkgweb\/index.php\/wp-json\/wp\/v2\/users\/3"}],"replies":[{"embeddable":true,"href":"https:\/\/nikolaus-kopernikus-gymnasium.de\/nkgweb\/index.php\/wp-json\/wp\/v2\/comments?post=1366"}],"version-history":[{"count":1,"href":"https:\/\/nikolaus-kopernikus-gymnasium.de\/nkgweb\/index.php\/wp-json\/wp\/v2\/posts\/1366\/revisions"}],"predecessor-version":[{"id":1374,"href":"https:\/\/nikolaus-kopernikus-gymnasium.de\/nkgweb\/index.php\/wp-json\/wp\/v2\/posts\/1366\/revisions\/1374"}],"wp:featuredmedia":[{"embeddable":true,"href":"https:\/\/nikolaus-kopernikus-gymnasium.de\/nkgweb\/index.php\/wp-json\/wp\/v2\/media\/1367"}],"wp:attachment":[{"href":"https:\/\/nikolaus-kopernikus-gymnasium.de\/nkgweb\/index.php\/wp-json\/wp\/v2\/media?parent=1366"}],"wp:term":[{"taxonomy":"category","embeddable":true,"href":"https:\/\/nikolaus-kopernikus-gymnasium.de\/nkgweb\/index.php\/wp-json\/wp\/v2\/categories?post=1366"},{"taxonomy":"post_tag","embeddable":true,"href":"https:\/\/nikolaus-kopernikus-gymnasium.de\/nkgweb\/index.php\/wp-json\/wp\/v2\/tags?post=1366"}],"curies":[{"name":"wp","href":"https:\/\/api.w.org\/{rel}","templated":true}]}}