{"id":1321,"date":"2022-12-08T22:56:38","date_gmt":"2022-12-08T21:56:38","guid":{"rendered":"https:\/\/nikolaus-kopernikus-gymnasium.de\/nkgweb\/?p=1321"},"modified":"2023-01-06T19:44:55","modified_gmt":"2023-01-06T18:44:55","slug":"einladung-zum-weihnachtskonzert","status":"publish","type":"post","link":"https:\/\/nikolaus-kopernikus-gymnasium.de\/nkgweb\/index.php\/2022\/12\/08\/einladung-zum-weihnachtskonzert\/","title":{"rendered":"Einladung zum Weihnachtskonzert"},"content":{"rendered":"\n<figure class=\"wp-block-image size-large\"><img fetchpriority=\"high\" decoding=\"async\" width=\"724\" height=\"1024\" src=\"https:\/\/nikolaus-kopernikus-gymnasium.de\/nkgweb\/wp-content\/uploads\/Weihnachtskonzert_Plakat_2022-pptx.pptx-EF-724x1024.jpg\" alt=\"\" class=\"wp-image-1322\" srcset=\"https:\/\/nikolaus-kopernikus-gymnasium.de\/nkgweb\/wp-content\/uploads\/Weihnachtskonzert_Plakat_2022-pptx.pptx-EF-724x1024.jpg 724w, https:\/\/nikolaus-kopernikus-gymnasium.de\/nkgweb\/wp-content\/uploads\/Weihnachtskonzert_Plakat_2022-pptx.pptx-EF-212x300.jpg 212w, https:\/\/nikolaus-kopernikus-gymnasium.de\/nkgweb\/wp-content\/uploads\/Weihnachtskonzert_Plakat_2022-pptx.pptx-EF-768x1087.jpg 768w, https:\/\/nikolaus-kopernikus-gymnasium.de\/nkgweb\/wp-content\/uploads\/Weihnachtskonzert_Plakat_2022-pptx.pptx-EF-1086x1536.jpg 1086w, https:\/\/nikolaus-kopernikus-gymnasium.de\/nkgweb\/wp-content\/uploads\/Weihnachtskonzert_Plakat_2022-pptx.pptx-EF-1448x2048.jpg 1448w, https:\/\/nikolaus-kopernikus-gymnasium.de\/nkgweb\/wp-content\/uploads\/Weihnachtskonzert_Plakat_2022-pptx.pptx-EF.jpg 1683w\" sizes=\"(max-width: 724px) 100vw, 724px\" \/><\/figure>\n\n\n\n<p>Liebe Eltern, liebe Sch\u00fclerinnen und Sch\u00fcler, liebe Kolleginnen und Kollegen, liebe Freunde des Gymnasiums!<\/p>\n\n\n\n<p class=\"has-text-align-center\"><strong>Wir laden Sie sehr herzlich ein zu unserem diesj\u00e4hrigen Weihnachtskonzert in der Stadtpfarrkirche Wei\u00dfenhornam Mittwoch, dem 21.12.2022 um 19:00 Uhr.<\/strong><\/p>\n\n\n\n<p>Zahlreiche Mitwirkende der Orchester, Ch\u00f6re und die Junior Big Band unseres Gymnasiums haben f\u00fcr Sie ein vielf\u00e4ltiges Programm vorbereitet und freuen sich auf Ihr Kommen.<\/p>\n\n\n\n<p>Neben traditionellen Weihnachtsliedern werden u.a. Chorwerke aus dem ber\u00fchmten Oratorium \u201eElias\u201c von Felix Mendelssohn- Bartholdy sowie Werke von John Rutter und Ola Gjeilo erklingen.Lassen Sie sich bei feierlichen aber auch besinnlichen Kompositionen und schwungvollen Big Band Arrangements von der Musizierfreude unserer Mitwirkenden anstecken und auf das bevorstehende Fest einstimmen.<\/p>\n\n\n\n<p>Der Eintritt zum Konzert ist frei.<\/p>\n","protected":false},"excerpt":{"rendered":"<p>Liebe Eltern, liebe Sch\u00fclerinnen und Sch\u00fcler, liebe Kolleginnen und Kollegen, liebe Freunde des Gymnasiums! Wir laden Sie sehr herzlich ein zu unserem diesj\u00e4hrigen Weihnachtskonzert in der Stadtpfarrkirche Wei\u00dfenhornam Mittwoch, dem 21.12.2022 um 19:00 Uhr. Zahlreiche Mitwirkende der Orchester, Ch\u00f6re und die Junior Big Band unseres Gymnasiums haben f\u00fcr Sie ein vielf\u00e4ltiges Programm vorbereitet und freuen &hellip; <\/p>\n<p class=\"link-more\"><a href=\"https:\/\/nikolaus-kopernikus-gymnasium.de\/nkgweb\/index.php\/2022\/12\/08\/einladung-zum-weihnachtskonzert\/\" class=\"more-link\">Mehr <span class=\"screen-reader-text\">\u00fcber &#8222;Einladung zum Weihnachtskonzert&#8220; <\/span>Lesen<\/a><\/p>\n","protected":false},"author":3,"featured_media":1322,"comment_status":"closed","ping_status":"closed","sticky":false,"template":"","format":"standard","meta":{"footnotes":""},"categories":[1],"tags":[],"class_list":["post-1321","post","type-post","status-publish","format-standard","has-post-thumbnail","hentry","category-allgemein"],"_links":{"self":[{"href":"https:\/\/nikolaus-kopernikus-gymnasium.de\/nkgweb\/index.php\/wp-json\/wp\/v2\/posts\/1321","targetHints":{"allow":["GET"]}}],"collection":[{"href":"https:\/\/nikolaus-kopernikus-gymnasium.de\/nkgweb\/index.php\/wp-json\/wp\/v2\/posts"}],"about":[{"href":"https:\/\/nikolaus-kopernikus-gymnasium.de\/nkgweb\/index.php\/wp-json\/wp\/v2\/types\/post"}],"author":[{"embeddable":true,"href":"https:\/\/nikolaus-kopernikus-gymnasium.de\/nkgweb\/index.php\/wp-json\/wp\/v2\/users\/3"}],"replies":[{"embeddable":true,"href":"https:\/\/nikolaus-kopernikus-gymnasium.de\/nkgweb\/index.php\/wp-json\/wp\/v2\/comments?post=1321"}],"version-history":[{"count":1,"href":"https:\/\/nikolaus-kopernikus-gymnasium.de\/nkgweb\/index.php\/wp-json\/wp\/v2\/posts\/1321\/revisions"}],"predecessor-version":[{"id":1323,"href":"https:\/\/nikolaus-kopernikus-gymnasium.de\/nkgweb\/index.php\/wp-json\/wp\/v2\/posts\/1321\/revisions\/1323"}],"wp:featuredmedia":[{"embeddable":true,"href":"https:\/\/nikolaus-kopernikus-gymnasium.de\/nkgweb\/index.php\/wp-json\/wp\/v2\/media\/1322"}],"wp:attachment":[{"href":"https:\/\/nikolaus-kopernikus-gymnasium.de\/nkgweb\/index.php\/wp-json\/wp\/v2\/media?parent=1321"}],"wp:term":[{"taxonomy":"category","embeddable":true,"href":"https:\/\/nikolaus-kopernikus-gymnasium.de\/nkgweb\/index.php\/wp-json\/wp\/v2\/categories?post=1321"},{"taxonomy":"post_tag","embeddable":true,"href":"https:\/\/nikolaus-kopernikus-gymnasium.de\/nkgweb\/index.php\/wp-json\/wp\/v2\/tags?post=1321"}],"curies":[{"name":"wp","href":"https:\/\/api.w.org\/{rel}","templated":true}]}}